{"id":44171,"date":"2018-11-26T10:52:56","date_gmt":"2018-11-26T13:52:56","guid":{"rendered":"https:\/\/eldiariodesanpedro.com.ar\/sitio\/?p=44171"},"modified":"2018-11-26T10:52:56","modified_gmt":"2018-11-26T13:52:56","slug":"javier-vega-continua-en-estado-critico-el-fiscal-manso-investiga-la-causa","status":"publish","type":"post","link":"https:\/\/eldiariodesanpedro.com.ar\/sitio\/javier-vega-continua-en-estado-critico-el-fiscal-manso-investiga-la-causa\/","title":{"rendered":"Javier Vega continua en estado critico, el Fiscal Manso investiga la causa"},"content":{"rendered":"<p><!-- VideographyWP Plugin Message: Automatic video embedding prevented by plugin options. --><br \/>\nPedido de una cadena de oraci\u00f3n para Javier Vega, el joven apu\u00f1alado en su cuello, mientras estaba dentro del boliche ubicado en Pellegrini al 800. El joven de 22 a\u00f1os permanece \u00aben estado cr\u00edtico\u00bb en el Hospital de San Pedro.  El titular de la UFI 5, Marcelo Manso es quien investiga la causa y compar\u00f3 lo ocurrido con el asesinato de Pedro Caballero en N\u00e1pole. <\/p>\n<p>El Dr Herbas, Jefe de Guardia del Hospital de nuestra ciudad confirmo que Javier continua en estado critico internado en terapia intensiva con asistencia mec\u00e1nica respiratoria y durante el d\u00eda de hoy ser\u00e1 sometido a nuevos estudios \u00abpara determinar si hay otros tipos de lesiones\u00bb. Entre ellos se le realizar\u00e1 una tomograf\u00eda computada del cuello.<\/p>\n<p>El Fiscal Manso hablo a los medios de comunicacion y comparo la causa con \u00abNapoles\u00bb ademas de confirmar que ten\u00edan much\u00edsimos testimonios donde algunos quiz\u00e1s serian falso, pero que est\u00e1n muy cerca de descubrirse la verdad, \u00aben 24 o 48 horas tendremos novedades\u00bb confirmo.<\/p>\n","protected":false},"excerpt":{"rendered":"<p>Pedido de una cadena de oraci\u00f3n para Javier Vega, el joven apu\u00f1alado en su cuello, mientras estaba dentro del boliche ubicado en Pellegrini al 800. El joven de 22 a\u00f1os permanece \u00aben estado cr\u00edtico\u00bb en el Hospital de San Pedro. El titular de la UFI 5, Marcelo Manso es quien investiga la causa y compar\u00f3 [&hellip;]<\/p>\n","protected":false},"author":4,"featured_media":44177,"comment_status":"open","ping_status":"closed","sticky":false,"template":"","format":"standard","meta":{"om_disable_all_campaigns":false,"_jetpack_memberships_contains_paid_content":false,"footnotes":""},"categories":[2,103],"tags":[],"class_list":["post-44171","post","type-post","status-publish","format-standard","has-post-thumbnail","hentry","category-locales","category-policiales-locales"],"aioseo_notices":[],"gutentor_comment":0,"jetpack_featured_media_url":"https:\/\/eldiariodesanpedro.com.ar\/sitio\/wp-content\/uploads\/2018\/11\/46885841_557160484707915_3966255083556962304_n.jpg","jetpack_shortlink":"https:\/\/wp.me\/p6RhLt-bur","jetpack_sharing_enabled":true,"_links":{"self":[{"href":"https:\/\/eldiariodesanpedro.com.ar\/sitio\/wp-json\/wp\/v2\/posts\/44171","targetHints":{"allow":["GET"]}}],"collection":[{"href":"https:\/\/eldiariodesanpedro.com.ar\/sitio\/wp-json\/wp\/v2\/posts"}],"about":[{"href":"https:\/\/eldiariodesanpedro.com.ar\/sitio\/wp-json\/wp\/v2\/types\/post"}],"author":[{"embeddable":true,"href":"https:\/\/eldiariodesanpedro.com.ar\/sitio\/wp-json\/wp\/v2\/users\/4"}],"replies":[{"embeddable":true,"href":"https:\/\/eldiariodesanpedro.com.ar\/sitio\/wp-json\/wp\/v2\/comments?post=44171"}],"version-history":[{"count":1,"href":"https:\/\/eldiariodesanpedro.com.ar\/sitio\/wp-json\/wp\/v2\/posts\/44171\/revisions"}],"predecessor-version":[{"id":44178,"href":"https:\/\/eldiariodesanpedro.com.ar\/sitio\/wp-json\/wp\/v2\/posts\/44171\/revisions\/44178"}],"wp:featuredmedia":[{"embeddable":true,"href":"https:\/\/eldiariodesanpedro.com.ar\/sitio\/wp-json\/wp\/v2\/media\/44177"}],"wp:attachment":[{"href":"https:\/\/eldiariodesanpedro.com.ar\/sitio\/wp-json\/wp\/v2\/media?parent=44171"}],"wp:term":[{"taxonomy":"category","embeddable":true,"href":"https:\/\/eldiariodesanpedro.com.ar\/sitio\/wp-json\/wp\/v2\/categories?post=44171"},{"taxonomy":"post_tag","embeddable":true,"href":"https:\/\/eldiariodesanpedro.com.ar\/sitio\/wp-json\/wp\/v2\/tags?post=44171"}],"curies":[{"name":"wp","href":"https:\/\/api.w.org\/{rel}","templated":true}]}}