{"id":44167,"date":"2018-11-26T10:35:46","date_gmt":"2018-11-26T13:35:46","guid":{"rendered":"https:\/\/eldiariodesanpedro.com.ar\/sitio\/?p=44167"},"modified":"2018-11-26T10:35:46","modified_gmt":"2018-11-26T13:35:46","slug":"visita-del-embajador-de-guatemala","status":"publish","type":"post","link":"https:\/\/eldiariodesanpedro.com.ar\/sitio\/visita-del-embajador-de-guatemala\/","title":{"rendered":"Visita del Embajador de Guatemala"},"content":{"rendered":"<p><!-- VideographyWP Plugin Message: Automatic video embedding prevented by plugin options. --><br \/>\nEl Intendente Cecilio Salazar y miembros del gobierno local, recibieron el viernes pasado en su despacho al Embajador de Guatemala, Rony Abi\u00fa Chal\u00ed quien lleg\u00f3 a San Pedro junto al Presidente de la C\u00e1mara PYME Argentina, Juan Salvador Amato. <\/p>\n<p>El diplom\u00e1tico mantiene contacto con empresas de la regi\u00f3n avanzando en diferentes proyectos relacionados con el comercio exterior y fue acompa\u00f1ado por representantes de el Dep\u00f3sito Fiscal y Ruta 9 Group encabezados por el Gerente Javier Mosqueda, quienes coordinaron la visita. <\/p>\n<p>En el encuentro tambi\u00e9n particip\u00f3 el Presidente de la C\u00e1mara de Comercio Exterior del Centro de Comercio N\u00e9stor Casal y durante la charla se repasaron las gestiones se vienen realizando para acercar a empresas de nuestra ciudad con otras PYMES de ese pa\u00eds y de Centroam\u00e9rica para establecer v\u00ednculos comerciales que favorezcan a ambas econom\u00edas.<\/p>\n<p><img decoding=\"async\" data-attachment-id=\"44170\" data-permalink=\"https:\/\/eldiariodesanpedro.com.ar\/sitio\/visita-del-embajador-de-guatemala\/bi4a0832\/\" data-orig-file=\"https:\/\/eldiariodesanpedro.com.ar\/sitio\/wp-content\/uploads\/2018\/11\/BI4A0832-e1543239309469.jpg\" data-orig-size=\"1280,864\" data-comments-opened=\"1\" data-image-meta=\"{&quot;aperture&quot;:&quot;4&quot;,&quot;credit&quot;:&quot;&quot;,&quot;camera&quot;:&quot;Canon EOS 5D Mark III&quot;,&quot;caption&quot;:&quot;&quot;,&quot;created_timestamp&quot;:&quot;1550670181&quot;,&quot;copyright&quot;:&quot;&quot;,&quot;focal_length&quot;:&quot;60&quot;,&quot;iso&quot;:&quot;1600&quot;,&quot;shutter_speed&quot;:&quot;0.016666666666667&quot;,&quot;title&quot;:&quot;&quot;,&quot;orientation&quot;:&quot;0&quot;}\" data-image-title=\"BI4A0832\" data-image-description=\"\" data-image-caption=\"\" data-large-file=\"https:\/\/eldiariodesanpedro.com.ar\/sitio\/wp-content\/uploads\/2018\/11\/BI4A0832-1024x692.jpg\" data-src=\"https:\/\/eldiariodesanpedro.com.ar\/sitio\/wp-content\/uploads\/2018\/11\/BI4A0832-1024x692.jpg\" alt=\"\" width=\"660\" height=\"446\" class=\"alignnone size-large wp-image-44170 lazyload\" src=\"data:image\/svg+xml;base64,PHN2ZyB3aWR0aD0iMSIgaGVpZ2h0PSIxIiB4bWxucz0iaHR0cDovL3d3dy53My5vcmcvMjAwMC9zdmciPjwvc3ZnPg==\" style=\"--smush-placeholder-width: 660px; --smush-placeholder-aspect-ratio: 660\/446;\" \/><\/p>\n<p><img decoding=\"async\" data-attachment-id=\"44169\" data-permalink=\"https:\/\/eldiariodesanpedro.com.ar\/sitio\/visita-del-embajador-de-guatemala\/bi4a0830\/\" data-orig-file=\"https:\/\/eldiariodesanpedro.com.ar\/sitio\/wp-content\/uploads\/2018\/11\/BI4A0830-e1543239277157.jpg\" data-orig-size=\"1280,853\" data-comments-opened=\"1\" data-image-meta=\"{&quot;aperture&quot;:&quot;4&quot;,&quot;credit&quot;:&quot;&quot;,&quot;camera&quot;:&quot;Canon EOS 5D Mark III&quot;,&quot;caption&quot;:&quot;&quot;,&quot;created_timestamp&quot;:&quot;1550668452&quot;,&quot;copyright&quot;:&quot;&quot;,&quot;focal_length&quot;:&quot;88&quot;,&quot;iso&quot;:&quot;1000&quot;,&quot;shutter_speed&quot;:&quot;0.02&quot;,&quot;title&quot;:&quot;&quot;,&quot;orientation&quot;:&quot;0&quot;}\" data-image-title=\"BI4A0830\" data-image-description=\"\" data-image-caption=\"\" data-large-file=\"https:\/\/eldiariodesanpedro.com.ar\/sitio\/wp-content\/uploads\/2018\/11\/BI4A0830-1024x683.jpg\" data-src=\"https:\/\/eldiariodesanpedro.com.ar\/sitio\/wp-content\/uploads\/2018\/11\/BI4A0830-1024x683.jpg\" alt=\"\" width=\"660\" height=\"440\" class=\"alignnone size-large wp-image-44169 lazyload\" src=\"data:image\/svg+xml;base64,PHN2ZyB3aWR0aD0iMSIgaGVpZ2h0PSIxIiB4bWxucz0iaHR0cDovL3d3dy53My5vcmcvMjAwMC9zdmciPjwvc3ZnPg==\" style=\"--smush-placeholder-width: 660px; --smush-placeholder-aspect-ratio: 660\/440;\" \/><\/p>\n","protected":false},"excerpt":{"rendered":"<p>El Intendente Cecilio Salazar y miembros del gobierno local, recibieron el viernes pasado en su despacho al Embajador de Guatemala, Rony Abi\u00fa Chal\u00ed quien lleg\u00f3 a San Pedro junto al Presidente de la C\u00e1mara PYME Argentina, Juan Salvador Amato. El diplom\u00e1tico mantiene contacto con empresas de la regi\u00f3n avanzando en diferentes proyectos relacionados con el [&hellip;]<\/p>\n","protected":false},"author":4,"featured_media":44168,"comment_status":"open","ping_status":"closed","sticky":false,"template":"","format":"standard","meta":{"om_disable_all_campaigns":false,"_jetpack_memberships_contains_paid_content":false,"footnotes":""},"categories":[2,102],"tags":[],"class_list":["post-44167","post","type-post","status-publish","format-standard","has-post-thumbnail","hentry","category-locales","category-politica-locales"],"aioseo_notices":[],"gutentor_comment":0,"jetpack_featured_media_url":"https:\/\/eldiariodesanpedro.com.ar\/sitio\/wp-content\/uploads\/2018\/11\/BI4A0818-copia-e1543239246704.jpg","jetpack_shortlink":"https:\/\/wp.me\/p6RhLt-bun","jetpack_sharing_enabled":true,"_links":{"self":[{"href":"https:\/\/eldiariodesanpedro.com.ar\/sitio\/wp-json\/wp\/v2\/posts\/44167","targetHints":{"allow":["GET"]}}],"collection":[{"href":"https:\/\/eldiariodesanpedro.com.ar\/sitio\/wp-json\/wp\/v2\/posts"}],"about":[{"href":"https:\/\/eldiariodesanpedro.com.ar\/sitio\/wp-json\/wp\/v2\/types\/post"}],"author":[{"embeddable":true,"href":"https:\/\/eldiariodesanpedro.com.ar\/sitio\/wp-json\/wp\/v2\/users\/4"}],"replies":[{"embeddable":true,"href":"https:\/\/eldiariodesanpedro.com.ar\/sitio\/wp-json\/wp\/v2\/comments?post=44167"}],"version-history":[{"count":1,"href":"https:\/\/eldiariodesanpedro.com.ar\/sitio\/wp-json\/wp\/v2\/posts\/44167\/revisions"}],"predecessor-version":[{"id":44172,"href":"https:\/\/eldiariodesanpedro.com.ar\/sitio\/wp-json\/wp\/v2\/posts\/44167\/revisions\/44172"}],"wp:featuredmedia":[{"embeddable":true,"href":"https:\/\/eldiariodesanpedro.com.ar\/sitio\/wp-json\/wp\/v2\/media\/44168"}],"wp:attachment":[{"href":"https:\/\/eldiariodesanpedro.com.ar\/sitio\/wp-json\/wp\/v2\/media?parent=44167"}],"wp:term":[{"taxonomy":"category","embeddable":true,"href":"https:\/\/eldiariodesanpedro.com.ar\/sitio\/wp-json\/wp\/v2\/categories?post=44167"},{"taxonomy":"post_tag","embeddable":true,"href":"https:\/\/eldiariodesanpedro.com.ar\/sitio\/wp-json\/wp\/v2\/tags?post=44167"}],"curies":[{"name":"wp","href":"https:\/\/api.w.org\/{rel}","templated":true}]}}