{"id":44160,"date":"2018-11-26T10:26:58","date_gmt":"2018-11-26T13:26:58","guid":{"rendered":"https:\/\/eldiariodesanpedro.com.ar\/sitio\/?p=44160"},"modified":"2018-11-26T10:26:58","modified_gmt":"2018-11-26T13:26:58","slug":"comenzo-el-operativo-de-control-canino-en-la-via-publica","status":"publish","type":"post","link":"https:\/\/eldiariodesanpedro.com.ar\/sitio\/comenzo-el-operativo-de-control-canino-en-la-via-publica\/","title":{"rendered":"Comenz\u00f3 el operativo de control canino en la v\u00eda p\u00fablica"},"content":{"rendered":"<p><!-- VideographyWP Plugin Message: Automatic video embedding prevented by plugin options. --><br \/>\nLa Secretar\u00eda de Salud de la Municipalidad de San Pedro informa que tal como fue anunciado la semana anterior, dio comienzo a trav\u00e9s del Departamento Canino, un operativo sanitario para retirar y practicar castraciones en perros por los cu\u00e1les se efectuaron reclamos en la v\u00eda p\u00fablica e instituciones.<\/p>\n<p>El personal asisti\u00f3 a algunas zonas puntuales de la ciudad e ingres\u00f3 a instituciones que han solicitado colaboraci\u00f3n para esta problem\u00e1tica, retirando animales que posteriormente fueron esterilizados con el trabajo del personal id\u00f3neo en la materia. Junto a esto se realiza adem\u00e1s la vacunaci\u00f3n antirr\u00e1bica y el tratamiento antiparasitario. Luego de cumplir con el procedimiento, recibir el alta y ser identificados con una m\u00e1quina tatuadora, son devueltos a la v\u00eda p\u00fablica.  <\/p>\n<p>Una vez m\u00e1s se recuerda a los vecinos que tengan control sobre sus propias mascotas, mientras desde esta \u00e1rea contin\u00faa el plan para llegar a todos aquellos animales que generan preocupaci\u00f3n y trastornos en la v\u00eda p\u00fablica.<\/p>\n<p><img decoding=\"async\" data-attachment-id=\"44165\" data-permalink=\"https:\/\/eldiariodesanpedro.com.ar\/sitio\/comenzo-el-operativo-de-control-canino-en-la-via-publica\/whatsapp-image-2018-11-26-at-09-11-39\/\" data-orig-file=\"https:\/\/eldiariodesanpedro.com.ar\/sitio\/wp-content\/uploads\/2018\/11\/WhatsApp-Image-2018-11-26-at-09.11.39.jpeg\" data-orig-size=\"1032,774\" data-comments-opened=\"1\" data-image-meta=\"{&quot;aperture&quot;:&quot;0&quot;,&quot;credit&quot;:&quot;&quot;,&quot;camera&quot;:&quot;&quot;,&quot;caption&quot;:&quot;&quot;,&quot;created_timestamp&quot;:&quot;0&quot;,&quot;copyright&quot;:&quot;&quot;,&quot;focal_length&quot;:&quot;0&quot;,&quot;iso&quot;:&quot;0&quot;,&quot;shutter_speed&quot;:&quot;0&quot;,&quot;title&quot;:&quot;&quot;,&quot;orientation&quot;:&quot;0&quot;}\" data-image-title=\"WhatsApp Image 2018-11-26 at 09.11.39\" data-image-description=\"\" data-image-caption=\"\" data-large-file=\"https:\/\/eldiariodesanpedro.com.ar\/sitio\/wp-content\/uploads\/2018\/11\/WhatsApp-Image-2018-11-26-at-09.11.39-1024x768.jpeg\" data-src=\"https:\/\/eldiariodesanpedro.com.ar\/sitio\/wp-content\/uploads\/2018\/11\/WhatsApp-Image-2018-11-26-at-09.11.39-1024x768.jpeg\" alt=\"\" width=\"660\" height=\"495\" class=\"alignnone size-large wp-image-44165 lazyload\" data-srcset=\"https:\/\/eldiariodesanpedro.com.ar\/sitio\/wp-content\/uploads\/2018\/11\/WhatsApp-Image-2018-11-26-at-09.11.39-1024x768.jpeg 1024w, https:\/\/eldiariodesanpedro.com.ar\/sitio\/wp-content\/uploads\/2018\/11\/WhatsApp-Image-2018-11-26-at-09.11.39-300x225.jpeg 300w, https:\/\/eldiariodesanpedro.com.ar\/sitio\/wp-content\/uploads\/2018\/11\/WhatsApp-Image-2018-11-26-at-09.11.39-768x576.jpeg 768w, https:\/\/eldiariodesanpedro.com.ar\/sitio\/wp-content\/uploads\/2018\/11\/WhatsApp-Image-2018-11-26-at-09.11.39.jpeg 1032w\" data-sizes=\"(max-width: 660px) 100vw, 660px\" src=\"data:image\/svg+xml;base64,PHN2ZyB3aWR0aD0iMSIgaGVpZ2h0PSIxIiB4bWxucz0iaHR0cDovL3d3dy53My5vcmcvMjAwMC9zdmciPjwvc3ZnPg==\" style=\"--smush-placeholder-width: 660px; --smush-placeholder-aspect-ratio: 660\/495;\" \/><\/p>\n<p><img decoding=\"async\" data-attachment-id=\"44164\" data-permalink=\"https:\/\/eldiariodesanpedro.com.ar\/sitio\/comenzo-el-operativo-de-control-canino-en-la-via-publica\/whatsapp-image-2018-11-26-at-09-11-39-3\/\" data-orig-file=\"https:\/\/eldiariodesanpedro.com.ar\/sitio\/wp-content\/uploads\/2018\/11\/WhatsApp-Image-2018-11-26-at-09.11.39-3.jpeg\" data-orig-size=\"1032,774\" data-comments-opened=\"1\" data-image-meta=\"{&quot;aperture&quot;:&quot;0&quot;,&quot;credit&quot;:&quot;&quot;,&quot;camera&quot;:&quot;&quot;,&quot;caption&quot;:&quot;&quot;,&quot;created_timestamp&quot;:&quot;0&quot;,&quot;copyright&quot;:&quot;&quot;,&quot;focal_length&quot;:&quot;0&quot;,&quot;iso&quot;:&quot;0&quot;,&quot;shutter_speed&quot;:&quot;0&quot;,&quot;title&quot;:&quot;&quot;,&quot;orientation&quot;:&quot;0&quot;}\" data-image-title=\"WhatsApp Image 2018-11-26 at 09.11.39 (3)\" data-image-description=\"\" data-image-caption=\"\" data-large-file=\"https:\/\/eldiariodesanpedro.com.ar\/sitio\/wp-content\/uploads\/2018\/11\/WhatsApp-Image-2018-11-26-at-09.11.39-3-1024x768.jpeg\" data-src=\"https:\/\/eldiariodesanpedro.com.ar\/sitio\/wp-content\/uploads\/2018\/11\/WhatsApp-Image-2018-11-26-at-09.11.39-3-1024x768.jpeg\" alt=\"\" width=\"660\" height=\"495\" class=\"alignnone size-large wp-image-44164 lazyload\" data-srcset=\"https:\/\/eldiariodesanpedro.com.ar\/sitio\/wp-content\/uploads\/2018\/11\/WhatsApp-Image-2018-11-26-at-09.11.39-3-1024x768.jpeg 1024w, https:\/\/eldiariodesanpedro.com.ar\/sitio\/wp-content\/uploads\/2018\/11\/WhatsApp-Image-2018-11-26-at-09.11.39-3-300x225.jpeg 300w, https:\/\/eldiariodesanpedro.com.ar\/sitio\/wp-content\/uploads\/2018\/11\/WhatsApp-Image-2018-11-26-at-09.11.39-3-768x576.jpeg 768w, https:\/\/eldiariodesanpedro.com.ar\/sitio\/wp-content\/uploads\/2018\/11\/WhatsApp-Image-2018-11-26-at-09.11.39-3.jpeg 1032w\" data-sizes=\"(max-width: 660px) 100vw, 660px\" src=\"data:image\/svg+xml;base64,PHN2ZyB3aWR0aD0iMSIgaGVpZ2h0PSIxIiB4bWxucz0iaHR0cDovL3d3dy53My5vcmcvMjAwMC9zdmciPjwvc3ZnPg==\" style=\"--smush-placeholder-width: 660px; --smush-placeholder-aspect-ratio: 660\/495;\" \/><\/p>\n<p><img decoding=\"async\" data-attachment-id=\"44163\" data-permalink=\"https:\/\/eldiariodesanpedro.com.ar\/sitio\/comenzo-el-operativo-de-control-canino-en-la-via-publica\/whatsapp-image-2018-11-26-at-09-11-39-2\/\" data-orig-file=\"https:\/\/eldiariodesanpedro.com.ar\/sitio\/wp-content\/uploads\/2018\/11\/WhatsApp-Image-2018-11-26-at-09.11.39-2.jpeg\" data-orig-size=\"1032,774\" data-comments-opened=\"1\" data-image-meta=\"{&quot;aperture&quot;:&quot;0&quot;,&quot;credit&quot;:&quot;&quot;,&quot;camera&quot;:&quot;&quot;,&quot;caption&quot;:&quot;&quot;,&quot;created_timestamp&quot;:&quot;0&quot;,&quot;copyright&quot;:&quot;&quot;,&quot;focal_length&quot;:&quot;0&quot;,&quot;iso&quot;:&quot;0&quot;,&quot;shutter_speed&quot;:&quot;0&quot;,&quot;title&quot;:&quot;&quot;,&quot;orientation&quot;:&quot;0&quot;}\" data-image-title=\"WhatsApp Image 2018-11-26 at 09.11.39 (2)\" data-image-description=\"\" data-image-caption=\"\" data-large-file=\"https:\/\/eldiariodesanpedro.com.ar\/sitio\/wp-content\/uploads\/2018\/11\/WhatsApp-Image-2018-11-26-at-09.11.39-2-1024x768.jpeg\" data-src=\"https:\/\/eldiariodesanpedro.com.ar\/sitio\/wp-content\/uploads\/2018\/11\/WhatsApp-Image-2018-11-26-at-09.11.39-2-1024x768.jpeg\" alt=\"\" width=\"660\" height=\"495\" class=\"alignnone size-large wp-image-44163 lazyload\" data-srcset=\"https:\/\/eldiariodesanpedro.com.ar\/sitio\/wp-content\/uploads\/2018\/11\/WhatsApp-Image-2018-11-26-at-09.11.39-2-1024x768.jpeg 1024w, https:\/\/eldiariodesanpedro.com.ar\/sitio\/wp-content\/uploads\/2018\/11\/WhatsApp-Image-2018-11-26-at-09.11.39-2-300x225.jpeg 300w, https:\/\/eldiariodesanpedro.com.ar\/sitio\/wp-content\/uploads\/2018\/11\/WhatsApp-Image-2018-11-26-at-09.11.39-2-768x576.jpeg 768w, https:\/\/eldiariodesanpedro.com.ar\/sitio\/wp-content\/uploads\/2018\/11\/WhatsApp-Image-2018-11-26-at-09.11.39-2.jpeg 1032w\" data-sizes=\"(max-width: 660px) 100vw, 660px\" src=\"data:image\/svg+xml;base64,PHN2ZyB3aWR0aD0iMSIgaGVpZ2h0PSIxIiB4bWxucz0iaHR0cDovL3d3dy53My5vcmcvMjAwMC9zdmciPjwvc3ZnPg==\" style=\"--smush-placeholder-width: 660px; --smush-placeholder-aspect-ratio: 660\/495;\" \/><\/p>\n","protected":false},"excerpt":{"rendered":"<p>La Secretar\u00eda de Salud de la Municipalidad de San Pedro informa que tal como fue anunciado la semana anterior, dio comienzo a trav\u00e9s del Departamento Canino, un operativo sanitario para retirar y practicar castraciones en perros por los cu\u00e1les se efectuaron reclamos en la v\u00eda p\u00fablica e instituciones. El personal asisti\u00f3 a algunas zonas puntuales [&hellip;]<\/p>\n","protected":false},"author":4,"featured_media":44162,"comment_status":"open","ping_status":"closed","sticky":false,"template":"","format":"standard","meta":{"om_disable_all_campaigns":false,"_jetpack_memberships_contains_paid_content":false,"footnotes":""},"categories":[101,2],"tags":[],"class_list":["post-44160","post","type-post","status-publish","format-standard","has-post-thumbnail","hentry","category-interes-general-locales","category-locales"],"aioseo_notices":[],"gutentor_comment":0,"jetpack_featured_media_url":"https:\/\/eldiariodesanpedro.com.ar\/sitio\/wp-content\/uploads\/2018\/11\/WhatsApp-Image-2018-11-26-at-09.11.39-1.jpeg","jetpack_shortlink":"https:\/\/wp.me\/p6RhLt-bug","jetpack_sharing_enabled":true,"_links":{"self":[{"href":"https:\/\/eldiariodesanpedro.com.ar\/sitio\/wp-json\/wp\/v2\/posts\/44160","targetHints":{"allow":["GET"]}}],"collection":[{"href":"https:\/\/eldiariodesanpedro.com.ar\/sitio\/wp-json\/wp\/v2\/posts"}],"about":[{"href":"https:\/\/eldiariodesanpedro.com.ar\/sitio\/wp-json\/wp\/v2\/types\/post"}],"author":[{"embeddable":true,"href":"https:\/\/eldiariodesanpedro.com.ar\/sitio\/wp-json\/wp\/v2\/users\/4"}],"replies":[{"embeddable":true,"href":"https:\/\/eldiariodesanpedro.com.ar\/sitio\/wp-json\/wp\/v2\/comments?post=44160"}],"version-history":[{"count":1,"href":"https:\/\/eldiariodesanpedro.com.ar\/sitio\/wp-json\/wp\/v2\/posts\/44160\/revisions"}],"predecessor-version":[{"id":44166,"href":"https:\/\/eldiariodesanpedro.com.ar\/sitio\/wp-json\/wp\/v2\/posts\/44160\/revisions\/44166"}],"wp:featuredmedia":[{"embeddable":true,"href":"https:\/\/eldiariodesanpedro.com.ar\/sitio\/wp-json\/wp\/v2\/media\/44162"}],"wp:attachment":[{"href":"https:\/\/eldiariodesanpedro.com.ar\/sitio\/wp-json\/wp\/v2\/media?parent=44160"}],"wp:term":[{"taxonomy":"category","embeddable":true,"href":"https:\/\/eldiariodesanpedro.com.ar\/sitio\/wp-json\/wp\/v2\/categories?post=44160"},{"taxonomy":"post_tag","embeddable":true,"href":"https:\/\/eldiariodesanpedro.com.ar\/sitio\/wp-json\/wp\/v2\/tags?post=44160"}],"curies":[{"name":"wp","href":"https:\/\/api.w.org\/{rel}","templated":true}]}}