{"id":44157,"date":"2018-11-26T10:22:21","date_gmt":"2018-11-26T13:22:21","guid":{"rendered":"https:\/\/eldiariodesanpedro.com.ar\/sitio\/?p=44157"},"modified":"2018-11-26T10:22:21","modified_gmt":"2018-11-26T13:22:21","slug":"se-realizaron-dos-focus-groups-en-el-marco-del-programa-de-formacion-y-diseno-de-experimentos-de-economia-del-comportamiento","status":"publish","type":"post","link":"https:\/\/eldiariodesanpedro.com.ar\/sitio\/se-realizaron-dos-focus-groups-en-el-marco-del-programa-de-formacion-y-diseno-de-experimentos-de-economia-del-comportamiento\/","title":{"rendered":"Se realizaron dos \u201cFocus Groups\u201d en el marco del \u201cPrograma de formaci\u00f3n y dise\u00f1o de experimentos de Econom\u00eda del Comportamiento\u201d"},"content":{"rendered":"<p><!-- VideographyWP Plugin Message: Automatic video embedding prevented by plugin options. --><br \/>\nEn el marco de la actividad realizada un par de meses atr\u00e1s, \u201cProgramas de formaci\u00f3n y dise\u00f1o de experimentos de Econom\u00eda del Comportamiento\u201d, por la Universidad de Di Tella, el Banco BID y la Red de Innovaci\u00f3n Local, donde la Municipalidad de San Pedro obtuvo el reconocimiento con la selecci\u00f3n de proyectos presentados, este fin de semana se comenz\u00f3 a trabajar en las primeras etapas del proyecto.<\/p>\n<p>El s\u00e1bado se llev\u00f3 a cabo la primera actividad, el \u201cFocus Group\u201dque es el puntapi\u00e9 inicial para el resto de las actividades en busca de la mejora continua. <\/p>\n<p>\u00bfQu\u00e9 es un Focus Group?<\/p>\n<p>Es un tipo de t\u00e9cnica de estudio empleada en las ciencias sociales que permite conocer y estudiar las opiniones y actitudes de un p\u00fablico determinado. Su metodolog\u00eda de trabajo consiste en la reuni\u00f3n de un grupo de entre seis y doce personas, m\u00e1s un moderador que ser\u00e1 el encargado de hacer las preguntas y dirigir el encuentro. Una vez planteado el tema, el grupo discutir\u00e1 acerca del asunto en cuesti\u00f3n.<\/p>\n<p>Para la realizaron de los mismos se tomaron como muestra a vecinos de la ciudad de San Pedro y de las localidades. Del primer \u201cFocus Group\u201d participaron 7 vecinos de Santa Lucia, Doyle y Gobernador Castro. Es importante destacar que los vecinos que llegaron tarde a la actividad no pudieron incorporarse, ya que el resto del equipo hacia comenzado a trabajar con la t\u00e9cnica de recolecci\u00f3n de informaci\u00f3n. Del segundo \u201cFocus Group\u201d participaron 6 vecinos de R\u00edo Tala y San Pedro.<\/p>\n<p>En las pr\u00f3ximas semanas la Direcci\u00f3n de Rentas estar\u00e1 recibiendo los resultados y poniendo en marcha el plan de acci\u00f3n adecuado para mejorar el servicio a los contribuyentes de nuestro partido.<\/p>\n","protected":false},"excerpt":{"rendered":"<p>En el marco de la actividad realizada un par de meses atr\u00e1s, \u201cProgramas de formaci\u00f3n y dise\u00f1o de experimentos de Econom\u00eda del Comportamiento\u201d, por la Universidad de Di Tella, el Banco BID y la Red de Innovaci\u00f3n Local, donde la Municipalidad de San Pedro obtuvo el reconocimiento con la selecci\u00f3n de proyectos presentados, este fin [&hellip;]<\/p>\n","protected":false},"author":4,"featured_media":44158,"comment_status":"open","ping_status":"closed","sticky":false,"template":"","format":"standard","meta":{"om_disable_all_campaigns":false,"_jetpack_memberships_contains_paid_content":false,"footnotes":""},"categories":[101,2],"tags":[],"class_list":["post-44157","post","type-post","status-publish","format-standard","has-post-thumbnail","hentry","category-interes-general-locales","category-locales"],"aioseo_notices":[],"gutentor_comment":0,"jetpack_featured_media_url":"https:\/\/eldiariodesanpedro.com.ar\/sitio\/wp-content\/uploads\/2018\/11\/pastedImage-9.png","jetpack_shortlink":"https:\/\/wp.me\/p6RhLt-bud","jetpack_sharing_enabled":true,"_links":{"self":[{"href":"https:\/\/eldiariodesanpedro.com.ar\/sitio\/wp-json\/wp\/v2\/posts\/44157","targetHints":{"allow":["GET"]}}],"collection":[{"href":"https:\/\/eldiariodesanpedro.com.ar\/sitio\/wp-json\/wp\/v2\/posts"}],"about":[{"href":"https:\/\/eldiariodesanpedro.com.ar\/sitio\/wp-json\/wp\/v2\/types\/post"}],"author":[{"embeddable":true,"href":"https:\/\/eldiariodesanpedro.com.ar\/sitio\/wp-json\/wp\/v2\/users\/4"}],"replies":[{"embeddable":true,"href":"https:\/\/eldiariodesanpedro.com.ar\/sitio\/wp-json\/wp\/v2\/comments?post=44157"}],"version-history":[{"count":1,"href":"https:\/\/eldiariodesanpedro.com.ar\/sitio\/wp-json\/wp\/v2\/posts\/44157\/revisions"}],"predecessor-version":[{"id":44159,"href":"https:\/\/eldiariodesanpedro.com.ar\/sitio\/wp-json\/wp\/v2\/posts\/44157\/revisions\/44159"}],"wp:featuredmedia":[{"embeddable":true,"href":"https:\/\/eldiariodesanpedro.com.ar\/sitio\/wp-json\/wp\/v2\/media\/44158"}],"wp:attachment":[{"href":"https:\/\/eldiariodesanpedro.com.ar\/sitio\/wp-json\/wp\/v2\/media?parent=44157"}],"wp:term":[{"taxonomy":"category","embeddable":true,"href":"https:\/\/eldiariodesanpedro.com.ar\/sitio\/wp-json\/wp\/v2\/categories?post=44157"},{"taxonomy":"post_tag","embeddable":true,"href":"https:\/\/eldiariodesanpedro.com.ar\/sitio\/wp-json\/wp\/v2\/tags?post=44157"}],"curies":[{"name":"wp","href":"https:\/\/api.w.org\/{rel}","templated":true}]}}