{"id":44143,"date":"2018-11-26T10:12:10","date_gmt":"2018-11-26T13:12:10","guid":{"rendered":"https:\/\/eldiariodesanpedro.com.ar\/sitio\/?p=44143"},"modified":"2018-11-26T10:12:10","modified_gmt":"2018-11-26T13:12:10","slug":"mostraba-en-publico-sus-partes-intimas-y-fue-aprehendido","status":"publish","type":"post","link":"https:\/\/eldiariodesanpedro.com.ar\/sitio\/mostraba-en-publico-sus-partes-intimas-y-fue-aprehendido\/","title":{"rendered":"Mostraba en publico sus partes intimas y fue aprehendido"},"content":{"rendered":"<p><!-- VideographyWP Plugin Message: Automatic video embedding prevented by plugin options. --><br \/>\nSucedi\u00f3 el domingo por la tarde, cuando un hombre mayor de edad andaba paseando y mostrando sus partes intimas.<\/p>\n<p>El personal policial fue alertado y tras r\u00e1pido accionar procedi\u00f3 a la aprehensi\u00f3n del depravado de 55 a\u00f1os de edad, que se encontraba dentro del predio del Paseo Publico 1 mostrando sus genitales a los all\u00ed presentes.<\/p>\n<p>Fue trasladado a la seccional policial donde permanece alojado a la espera de directivas por la intervenci\u00f3n de la fiscalia de turno.<\/p>\n","protected":false},"excerpt":{"rendered":"<p>Sucedi\u00f3 el domingo por la tarde, cuando un hombre mayor de edad andaba paseando y mostrando sus partes intimas. El personal policial fue alertado y tras r\u00e1pido accionar procedi\u00f3 a la aprehensi\u00f3n del depravado de 55 a\u00f1os de edad, que se encontraba dentro del predio del Paseo Publico 1 mostrando sus genitales a los all\u00ed [&hellip;]<\/p>\n","protected":false},"author":4,"featured_media":29146,"comment_status":"open","ping_status":"closed","sticky":false,"template":"","format":"standard","meta":{"om_disable_all_campaigns":false,"_jetpack_memberships_contains_paid_content":false,"footnotes":""},"categories":[2,103],"tags":[],"class_list":["post-44143","post","type-post","status-publish","format-standard","has-post-thumbnail","hentry","category-locales","category-policiales-locales"],"aioseo_notices":[],"gutentor_comment":0,"jetpack_featured_media_url":"https:\/\/eldiariodesanpedro.com.ar\/sitio\/wp-content\/uploads\/2018\/02\/El-sujeto-aprehendido.jpg","jetpack_shortlink":"https:\/\/wp.me\/p6RhLt-btZ","jetpack_sharing_enabled":true,"_links":{"self":[{"href":"https:\/\/eldiariodesanpedro.com.ar\/sitio\/wp-json\/wp\/v2\/posts\/44143","targetHints":{"allow":["GET"]}}],"collection":[{"href":"https:\/\/eldiariodesanpedro.com.ar\/sitio\/wp-json\/wp\/v2\/posts"}],"about":[{"href":"https:\/\/eldiariodesanpedro.com.ar\/sitio\/wp-json\/wp\/v2\/types\/post"}],"author":[{"embeddable":true,"href":"https:\/\/eldiariodesanpedro.com.ar\/sitio\/wp-json\/wp\/v2\/users\/4"}],"replies":[{"embeddable":true,"href":"https:\/\/eldiariodesanpedro.com.ar\/sitio\/wp-json\/wp\/v2\/comments?post=44143"}],"version-history":[{"count":1,"href":"https:\/\/eldiariodesanpedro.com.ar\/sitio\/wp-json\/wp\/v2\/posts\/44143\/revisions"}],"predecessor-version":[{"id":44144,"href":"https:\/\/eldiariodesanpedro.com.ar\/sitio\/wp-json\/wp\/v2\/posts\/44143\/revisions\/44144"}],"wp:featuredmedia":[{"embeddable":true,"href":"https:\/\/eldiariodesanpedro.com.ar\/sitio\/wp-json\/wp\/v2\/media\/29146"}],"wp:attachment":[{"href":"https:\/\/eldiariodesanpedro.com.ar\/sitio\/wp-json\/wp\/v2\/media?parent=44143"}],"wp:term":[{"taxonomy":"category","embeddable":true,"href":"https:\/\/eldiariodesanpedro.com.ar\/sitio\/wp-json\/wp\/v2\/categories?post=44143"},{"taxonomy":"post_tag","embeddable":true,"href":"https:\/\/eldiariodesanpedro.com.ar\/sitio\/wp-json\/wp\/v2\/tags?post=44143"}],"curies":[{"name":"wp","href":"https:\/\/api.w.org\/{rel}","templated":true}]}}