{"id":44141,"date":"2018-11-26T09:30:12","date_gmt":"2018-11-26T12:30:12","guid":{"rendered":"https:\/\/eldiariodesanpedro.com.ar\/sitio\/?p=44141"},"modified":"2018-11-26T09:30:12","modified_gmt":"2018-11-26T12:30:12","slug":"su-hermano-la-amenazo-y-le-destrozo-su-casa-con-un-fierro","status":"publish","type":"post","link":"https:\/\/eldiariodesanpedro.com.ar\/sitio\/su-hermano-la-amenazo-y-le-destrozo-su-casa-con-un-fierro\/","title":{"rendered":"Su hermano la amenazo y le destrozo su casa con un fierro"},"content":{"rendered":"<p><!-- VideographyWP Plugin Message: Automatic video embedding prevented by plugin options. --><br \/>\nVarios hechos de amenazas se han producido este fin de semana pero solo dos han sido denunciados en la Dependencia Local. Uno de los casos fue aprendido su agresor que seria familiar directo de la victima por destrozarle la casa.<\/p>\n<p>Ocurri\u00f3 en una vivienda sita en calle San Lorenzo al 2200, cuando la propietaria advierte a la polic\u00eda que su hermano hab\u00eda ingresado a la casa y le estaba destrozando el lugar.<\/p>\n<p>Tras r\u00e1pido accionar de lo efectivos, se aprehendi\u00f3 al agresor en el interior del domicilio quien tenia en su poder dos fierros, elementos con los que ocasiono los da\u00f1os y segu\u00eda violentamente amenazando a su hermana.<\/p>\n<p>El aprehendido de 37 a\u00f1os de edad, fue trasladado a la comisaria a la espera de la Fiscalia en turno.<\/p>\n<p>Tambi\u00e9n una mujer de 65, denuncio que cuando se encontraba en su vivienda de calle Hermano Indio al 2200 se le acerca una vecina y comienza amenazarla de muerte.<\/p>\n","protected":false},"excerpt":{"rendered":"<p>Varios hechos de amenazas se han producido este fin de semana pero solo dos han sido denunciados en la Dependencia Local. Uno de los casos fue aprendido su agresor que seria familiar directo de la victima por destrozarle la casa. Ocurri\u00f3 en una vivienda sita en calle San Lorenzo al 2200, cuando la propietaria advierte [&hellip;]<\/p>\n","protected":false},"author":4,"featured_media":10486,"comment_status":"open","ping_status":"closed","sticky":false,"template":"","format":"standard","meta":{"om_disable_all_campaigns":false,"_jetpack_memberships_contains_paid_content":false,"footnotes":""},"categories":[2,103],"tags":[],"class_list":["post-44141","post","type-post","status-publish","format-standard","has-post-thumbnail","hentry","category-locales","category-policiales-locales"],"aioseo_notices":[],"gutentor_comment":0,"jetpack_featured_media_url":"https:\/\/eldiariodesanpedro.com.ar\/sitio\/wp-content\/uploads\/2016\/11\/violencia-de-genero.jpg","jetpack_shortlink":"https:\/\/wp.me\/p6RhLt-btX","jetpack_sharing_enabled":true,"_links":{"self":[{"href":"https:\/\/eldiariodesanpedro.com.ar\/sitio\/wp-json\/wp\/v2\/posts\/44141","targetHints":{"allow":["GET"]}}],"collection":[{"href":"https:\/\/eldiariodesanpedro.com.ar\/sitio\/wp-json\/wp\/v2\/posts"}],"about":[{"href":"https:\/\/eldiariodesanpedro.com.ar\/sitio\/wp-json\/wp\/v2\/types\/post"}],"author":[{"embeddable":true,"href":"https:\/\/eldiariodesanpedro.com.ar\/sitio\/wp-json\/wp\/v2\/users\/4"}],"replies":[{"embeddable":true,"href":"https:\/\/eldiariodesanpedro.com.ar\/sitio\/wp-json\/wp\/v2\/comments?post=44141"}],"version-history":[{"count":1,"href":"https:\/\/eldiariodesanpedro.com.ar\/sitio\/wp-json\/wp\/v2\/posts\/44141\/revisions"}],"predecessor-version":[{"id":44142,"href":"https:\/\/eldiariodesanpedro.com.ar\/sitio\/wp-json\/wp\/v2\/posts\/44141\/revisions\/44142"}],"wp:featuredmedia":[{"embeddable":true,"href":"https:\/\/eldiariodesanpedro.com.ar\/sitio\/wp-json\/wp\/v2\/media\/10486"}],"wp:attachment":[{"href":"https:\/\/eldiariodesanpedro.com.ar\/sitio\/wp-json\/wp\/v2\/media?parent=44141"}],"wp:term":[{"taxonomy":"category","embeddable":true,"href":"https:\/\/eldiariodesanpedro.com.ar\/sitio\/wp-json\/wp\/v2\/categories?post=44141"},{"taxonomy":"post_tag","embeddable":true,"href":"https:\/\/eldiariodesanpedro.com.ar\/sitio\/wp-json\/wp\/v2\/tags?post=44141"}],"curies":[{"name":"wp","href":"https:\/\/api.w.org\/{rel}","templated":true}]}}