{"id":44135,"date":"2018-11-25T20:55:04","date_gmt":"2018-11-25T23:55:04","guid":{"rendered":"https:\/\/eldiariodesanpedro.com.ar\/sitio\/?p=44135"},"modified":"2018-11-25T20:56:10","modified_gmt":"2018-11-25T23:56:10","slug":"campana-violencia-de-genero-la-arrojo-desde-una-camioneta-en-marcha","status":"publish","type":"post","link":"https:\/\/eldiariodesanpedro.com.ar\/sitio\/campana-violencia-de-genero-la-arrojo-desde-una-camioneta-en-marcha\/","title":{"rendered":"CAMPANA: Violencia de G\u00e9nero: la arroj\u00f3 desde una camioneta en marcha"},"content":{"rendered":"<p><!-- VideographyWP Plugin Message: Automatic video embedding prevented by plugin options. --><br \/>\nVarios vecinos hicieron circular un mensaje que alertaba sobre un hecho de violencia de g\u00e9nero en la esquina de Jacob y Castelli.<br \/>\nUna mujer fue arrojada de una camioneta por quien ser\u00eda su pareja. La Polic\u00eda que se acerc\u00f3 al lugar quiso ayudarla pero la mujer, de unos treinta a\u00f1os, se neg\u00f3 y pidi\u00f3 que \u201cno intervengan ni ellos ni la Justicia\u201d.<br \/>\nTras el violento episodio, la v\u00edctima sufri\u00f3 una crisis de nervios y al recuperarse brind\u00f3 datos falsos de su identidad.<br \/>\nImportante: Si sos v\u00edctima de violencia o conoces a alguien que est\u00e9 pasando por eso, podes llamar gratis al 144 o acercarte a alg\u00fan centro de atenci\u00f3n cercano, como la Comisar\u00eda de la Mujer.<\/p>\n<p>Fuente: Campana360 <\/p>\n","protected":false},"excerpt":{"rendered":"<p>Varios vecinos hicieron circular un mensaje que alertaba sobre un hecho de violencia de g\u00e9nero en la esquina de Jacob y Castelli. Una mujer fue arrojada de una camioneta por quien ser\u00eda su pareja. La Polic\u00eda que se acerc\u00f3 al lugar quiso ayudarla pero la mujer, de unos treinta a\u00f1os, se neg\u00f3 y pidi\u00f3 que [&hellip;]<\/p>\n","protected":false},"author":4,"featured_media":10486,"comment_status":"open","ping_status":"closed","sticky":false,"template":"","format":"standard","meta":{"om_disable_all_campaigns":false,"_jetpack_memberships_contains_paid_content":false,"footnotes":""},"categories":[621],"tags":[],"class_list":["post-44135","post","type-post","status-publish","format-standard","has-post-thumbnail","hentry","category-regionales"],"aioseo_notices":[],"gutentor_comment":0,"jetpack_featured_media_url":"https:\/\/eldiariodesanpedro.com.ar\/sitio\/wp-content\/uploads\/2016\/11\/violencia-de-genero.jpg","jetpack_shortlink":"https:\/\/wp.me\/p6RhLt-btR","jetpack_sharing_enabled":true,"_links":{"self":[{"href":"https:\/\/eldiariodesanpedro.com.ar\/sitio\/wp-json\/wp\/v2\/posts\/44135","targetHints":{"allow":["GET"]}}],"collection":[{"href":"https:\/\/eldiariodesanpedro.com.ar\/sitio\/wp-json\/wp\/v2\/posts"}],"about":[{"href":"https:\/\/eldiariodesanpedro.com.ar\/sitio\/wp-json\/wp\/v2\/types\/post"}],"author":[{"embeddable":true,"href":"https:\/\/eldiariodesanpedro.com.ar\/sitio\/wp-json\/wp\/v2\/users\/4"}],"replies":[{"embeddable":true,"href":"https:\/\/eldiariodesanpedro.com.ar\/sitio\/wp-json\/wp\/v2\/comments?post=44135"}],"version-history":[{"count":1,"href":"https:\/\/eldiariodesanpedro.com.ar\/sitio\/wp-json\/wp\/v2\/posts\/44135\/revisions"}],"predecessor-version":[{"id":44139,"href":"https:\/\/eldiariodesanpedro.com.ar\/sitio\/wp-json\/wp\/v2\/posts\/44135\/revisions\/44139"}],"wp:featuredmedia":[{"embeddable":true,"href":"https:\/\/eldiariodesanpedro.com.ar\/sitio\/wp-json\/wp\/v2\/media\/10486"}],"wp:attachment":[{"href":"https:\/\/eldiariodesanpedro.com.ar\/sitio\/wp-json\/wp\/v2\/media?parent=44135"}],"wp:term":[{"taxonomy":"category","embeddable":true,"href":"https:\/\/eldiariodesanpedro.com.ar\/sitio\/wp-json\/wp\/v2\/categories?post=44135"},{"taxonomy":"post_tag","embeddable":true,"href":"https:\/\/eldiariodesanpedro.com.ar\/sitio\/wp-json\/wp\/v2\/tags?post=44135"}],"curies":[{"name":"wp","href":"https:\/\/api.w.org\/{rel}","templated":true}]}}