{"id":44134,"date":"2018-11-25T20:54:18","date_gmt":"2018-11-25T23:54:18","guid":{"rendered":"https:\/\/eldiariodesanpedro.com.ar\/sitio\/?p=44134"},"modified":"2018-11-25T20:54:18","modified_gmt":"2018-11-25T23:54:18","slug":"san-nicolas-trans-nicolenas-mostraron-su-descontento-luego-de-un-reves-sufrido-en-el-concejo","status":"publish","type":"post","link":"https:\/\/eldiariodesanpedro.com.ar\/sitio\/san-nicolas-trans-nicolenas-mostraron-su-descontento-luego-de-un-reves-sufrido-en-el-concejo\/","title":{"rendered":"SAN NICOL\u00c1S: Trans nicole\u00f1as mostraron su descontento luego de un rev\u00e9s sufrido en el concejo"},"content":{"rendered":"<p><!-- VideographyWP Plugin Message: Automatic video embedding prevented by plugin options. --><br \/>\nReferentes e integrantes del grupo local de la Asociaci\u00f3n de Travestis, Transexuales y Transg\u00e9neros de Argentina (ATTTA) presenciaron hoy la \u00faltima sesi\u00f3n ordinaria del a\u00f1o celebrada por los concejales, de donde se fueron enojadas.<br \/>\nEsperaban que fuese aprobada una iniciativa presentada por ellas, tendiente a que la Municipalidad de San Nicol\u00e1s reserve cupos laborales para personas trans o miembros de otras minor\u00edas de orientaci\u00f3n sexual y de g\u00e9nero. El proyecto qued\u00f3 sin despacho en la comisi\u00f3n de Legislaci\u00f3n General y desde el bloque de Unidad Ciudadana pidieron su tratamiento sobre tablas. El bloque del Frente Renovador acompa\u00f1\u00f3 el pedido, pero no as\u00ed el sector de Cambiemos, que es mayor\u00eda. Luego del rev\u00e9s, Karina Figueroa (referente de ATTTA San Nicol\u00e1s, junto con Johana Montiel y Florencia Dom\u00ednguez) pidi\u00f3 que el gobierno local \u201cno nos siga dando vuelta la cara\u201d y advirti\u00f3 que sin la ordenanza que impulsa ATTA \u201cnos condenan a ejercer la prostituci\u00f3n\u201d.<br \/>\nNo obstante, el rev\u00e9s de ayer no fue definitivo: el proyecto de ATTTA sigue pendiente de tratamiento y podr\u00e1 ser sancionado en las sesiones extraordinarias que puedan darse desde ahora y hasta principios de abril de 2019.<\/p>\n<p>Fuente: Diario El Norte<\/p>\n","protected":false},"excerpt":{"rendered":"<p>Referentes e integrantes del grupo local de la Asociaci\u00f3n de Travestis, Transexuales y Transg\u00e9neros de Argentina (ATTTA) presenciaron hoy la \u00faltima sesi\u00f3n ordinaria del a\u00f1o celebrada por los concejales, de donde se fueron enojadas. Esperaban que fuese aprobada una iniciativa presentada por ellas, tendiente a que la Municipalidad de San Nicol\u00e1s reserve cupos laborales para [&hellip;]<\/p>\n","protected":false},"author":4,"featured_media":44137,"comment_status":"open","ping_status":"closed","sticky":false,"template":"","format":"standard","meta":{"om_disable_all_campaigns":false,"_jetpack_memberships_contains_paid_content":false,"footnotes":""},"categories":[621],"tags":[],"class_list":["post-44134","post","type-post","status-publish","format-standard","has-post-thumbnail","hentry","category-regionales"],"aioseo_notices":[],"gutentor_comment":0,"jetpack_featured_media_url":"https:\/\/eldiariodesanpedro.com.ar\/sitio\/wp-content\/uploads\/2018\/11\/Trans-nicole\u00f1as.jpg","jetpack_shortlink":"https:\/\/wp.me\/p6RhLt-btQ","jetpack_sharing_enabled":true,"_links":{"self":[{"href":"https:\/\/eldiariodesanpedro.com.ar\/sitio\/wp-json\/wp\/v2\/posts\/44134","targetHints":{"allow":["GET"]}}],"collection":[{"href":"https:\/\/eldiariodesanpedro.com.ar\/sitio\/wp-json\/wp\/v2\/posts"}],"about":[{"href":"https:\/\/eldiariodesanpedro.com.ar\/sitio\/wp-json\/wp\/v2\/types\/post"}],"author":[{"embeddable":true,"href":"https:\/\/eldiariodesanpedro.com.ar\/sitio\/wp-json\/wp\/v2\/users\/4"}],"replies":[{"embeddable":true,"href":"https:\/\/eldiariodesanpedro.com.ar\/sitio\/wp-json\/wp\/v2\/comments?post=44134"}],"version-history":[{"count":1,"href":"https:\/\/eldiariodesanpedro.com.ar\/sitio\/wp-json\/wp\/v2\/posts\/44134\/revisions"}],"predecessor-version":[{"id":44138,"href":"https:\/\/eldiariodesanpedro.com.ar\/sitio\/wp-json\/wp\/v2\/posts\/44134\/revisions\/44138"}],"wp:featuredmedia":[{"embeddable":true,"href":"https:\/\/eldiariodesanpedro.com.ar\/sitio\/wp-json\/wp\/v2\/media\/44137"}],"wp:attachment":[{"href":"https:\/\/eldiariodesanpedro.com.ar\/sitio\/wp-json\/wp\/v2\/media?parent=44134"}],"wp:term":[{"taxonomy":"category","embeddable":true,"href":"https:\/\/eldiariodesanpedro.com.ar\/sitio\/wp-json\/wp\/v2\/categories?post=44134"},{"taxonomy":"post_tag","embeddable":true,"href":"https:\/\/eldiariodesanpedro.com.ar\/sitio\/wp-json\/wp\/v2\/tags?post=44134"}],"curies":[{"name":"wp","href":"https:\/\/api.w.org\/{rel}","templated":true}]}}