{"id":44130,"date":"2018-11-25T20:53:03","date_gmt":"2018-11-25T23:53:03","guid":{"rendered":"https:\/\/eldiariodesanpedro.com.ar\/sitio\/?p=44130"},"modified":"2018-11-25T20:53:03","modified_gmt":"2018-11-25T23:53:03","slug":"campana-el-peronismo-a-un-paso-de-recuperar-la-presidencia-del-hcd","status":"publish","type":"post","link":"https:\/\/eldiariodesanpedro.com.ar\/sitio\/campana-el-peronismo-a-un-paso-de-recuperar-la-presidencia-del-hcd\/","title":{"rendered":"CAMPANA: El peronismo, a un paso de recuperar la Presidencia del HCD"},"content":{"rendered":"<p><!-- VideographyWP Plugin Message: Automatic video embedding prevented by plugin options. --><br \/>\nEn una sesi\u00f3n caliente, se aprob\u00f3 por mayor\u00eda la revocaci\u00f3n de autoridades. La titularidad de Luis G\u00f3mez, actual Presidente en reemplazo de Sergio Roses, quien pas\u00f3 a ocupar un cargo en el Ejecutivo, fue cuestionada por no haber sido votada por la mayor\u00eda. El pr\u00f3ximo Mi\u00e9rcoles 28 se elegir\u00edan nuevas autoridades, en sesi\u00f3n especial.<br \/>\nLa oposici\u00f3n pidi\u00f3 la revocaci\u00f3n de las autoridades del Concejo Deliberante, en una sesi\u00f3n cargada de discusiones. Los votos de los bloques PJ-Unidad Ciudadana, Red X Argentina y la UV M\u00e1s Campana, fueron suficientes para darle un ultim\u00e1tum a la actual y reciente Presidencia de Luis G\u00f3mez (Cambiemos), quien recientemente reemplaz\u00f3 a Sergio Roses, quien a su vez pas\u00f3 a ocupar un lugar en el Departamento Ejecutivo Municipal.<br \/>\nDesde la oposici\u00f3n dejaron en evidencia la falta de respaldo a la Presidencia de G\u00f3mez (aseguraron que se trata del Presidente con menos votos a cargo del deliberativo local), y se\u00f1alaron la \u201cparalizaci\u00f3n\u201d de la labor legislativa debido a los problemas originados en las comisiones, donde aseguraron que \u201clos proyectos no avanzan, quedan encajados\u201d.<br \/>\nSin embargo, el desencadenante habr\u00eda sido la no designaci\u00f3n del peronista Jos\u00e9 Insausti al frente de la Comisi\u00f3n de Obras P\u00fablicas, quien se pretend\u00eda reemplace a G\u00f3mez, al asumir la presidencia del HCD. La negativa del oficialismo de poner en manos de la oposici\u00f3n la presidencia de una Comisi\u00f3n fundamental, llev\u00f3 a la oposici\u00f3n a peticionar la revocaci\u00f3n de autoridades.<br \/>\nEl Presidente del bloque Cambiemos, Carlos Cazador, habl\u00f3 de un \u00abgolpe de estado\u00bb, y asegur\u00f3 que el Concejo Deliberante era \u00abun mamarracho\u00bb. \u00abNada los conforma, van por todo y se van a quedar sin nada\u00bb.<br \/>\nY dentro del seno opositor, con mayor\u00eda peronista, todo indicar\u00eda que un edil de dicho extracto ocupar\u00eda el sill\u00f3n del Concejo, desde la pr\u00f3xima semana. Habr\u00e1 que esperar entonces al Mi\u00e9rcoles 28, donde oficialismo y oposici\u00f3n volver\u00e1n a verse las caras. <\/p>\n<p>Fuente: Campana Noticias<\/p>\n","protected":false},"excerpt":{"rendered":"<p>En una sesi\u00f3n caliente, se aprob\u00f3 por mayor\u00eda la revocaci\u00f3n de autoridades. La titularidad de Luis G\u00f3mez, actual Presidente en reemplazo de Sergio Roses, quien pas\u00f3 a ocupar un cargo en el Ejecutivo, fue cuestionada por no haber sido votada por la mayor\u00eda. El pr\u00f3ximo Mi\u00e9rcoles 28 se elegir\u00edan nuevas autoridades, en sesi\u00f3n especial. La [&hellip;]<\/p>\n","protected":false},"author":4,"featured_media":44133,"comment_status":"open","ping_status":"closed","sticky":false,"template":"","format":"standard","meta":{"om_disable_all_campaigns":false,"_jetpack_memberships_contains_paid_content":false,"footnotes":""},"categories":[621],"tags":[],"class_list":["post-44130","post","type-post","status-publish","format-standard","has-post-thumbnail","hentry","category-regionales"],"aioseo_notices":[],"gutentor_comment":0,"jetpack_featured_media_url":"https:\/\/eldiariodesanpedro.com.ar\/sitio\/wp-content\/uploads\/2018\/11\/El-peronismo-a-un-paso-de-recuperar-la-Presidencia-del-HCD.jpg","jetpack_shortlink":"https:\/\/wp.me\/p6RhLt-btM","jetpack_sharing_enabled":true,"_links":{"self":[{"href":"https:\/\/eldiariodesanpedro.com.ar\/sitio\/wp-json\/wp\/v2\/posts\/44130","targetHints":{"allow":["GET"]}}],"collection":[{"href":"https:\/\/eldiariodesanpedro.com.ar\/sitio\/wp-json\/wp\/v2\/posts"}],"about":[{"href":"https:\/\/eldiariodesanpedro.com.ar\/sitio\/wp-json\/wp\/v2\/types\/post"}],"author":[{"embeddable":true,"href":"https:\/\/eldiariodesanpedro.com.ar\/sitio\/wp-json\/wp\/v2\/users\/4"}],"replies":[{"embeddable":true,"href":"https:\/\/eldiariodesanpedro.com.ar\/sitio\/wp-json\/wp\/v2\/comments?post=44130"}],"version-history":[{"count":1,"href":"https:\/\/eldiariodesanpedro.com.ar\/sitio\/wp-json\/wp\/v2\/posts\/44130\/revisions"}],"predecessor-version":[{"id":44136,"href":"https:\/\/eldiariodesanpedro.com.ar\/sitio\/wp-json\/wp\/v2\/posts\/44130\/revisions\/44136"}],"wp:featuredmedia":[{"embeddable":true,"href":"https:\/\/eldiariodesanpedro.com.ar\/sitio\/wp-json\/wp\/v2\/media\/44133"}],"wp:attachment":[{"href":"https:\/\/eldiariodesanpedro.com.ar\/sitio\/wp-json\/wp\/v2\/media?parent=44130"}],"wp:term":[{"taxonomy":"category","embeddable":true,"href":"https:\/\/eldiariodesanpedro.com.ar\/sitio\/wp-json\/wp\/v2\/categories?post=44130"},{"taxonomy":"post_tag","embeddable":true,"href":"https:\/\/eldiariodesanpedro.com.ar\/sitio\/wp-json\/wp\/v2\/tags?post=44130"}],"curies":[{"name":"wp","href":"https:\/\/api.w.org\/{rel}","templated":true}]}}