{"id":44129,"date":"2018-11-25T20:52:05","date_gmt":"2018-11-25T23:52:05","guid":{"rendered":"https:\/\/eldiariodesanpedro.com.ar\/sitio\/?p=44129"},"modified":"2018-11-25T20:52:05","modified_gmt":"2018-11-25T23:52:05","slug":"baradero-el-cuerpo-hallado-en-el-rio-es-el-de-ramon-toledo","status":"publish","type":"post","link":"https:\/\/eldiariodesanpedro.com.ar\/sitio\/baradero-el-cuerpo-hallado-en-el-rio-es-el-de-ramon-toledo\/","title":{"rendered":"BARADERO: El cuerpo hallado en el r\u00edo, es el de Ram\u00f3n Toledo"},"content":{"rendered":"<p><!-- VideographyWP Plugin Message: Automatic video embedding prevented by plugin options. --><br \/>\nHace minutos, en comunicaci\u00f3n con BTI, la familia de qui\u00e9n en vida fuera Ram\u00f3n Toledo, confirmo la triste noticia.<br \/>\nEl cuerpo fue reconocido en la morgue de la ciudad de San Nicol\u00e1s, lugar al cual se acercaron los hermanos y sobrinos de Toledo.<br \/>\nEn el d\u00eda de ma\u00f1ana se le realizar\u00e1 la autopsia,para esclarecer los causales del deceso. Al ser consultada la familia si exist\u00eda alguna presunci\u00f3n sobre el mismo, nos informaron que esperan a la operaci\u00f3n para informar con datos fehacientes.<br \/>\nMantenemos el contacto con los familiares y estaremos informando novedades ni bien las recibamos.<br \/>\nDesde BTI y en nombre de la comunidad de Baradero, damos nuestras condolencias a la familia de Ram\u00f3n Toledo, elevamos una oraci\u00f3n por el descanso de  su alma, esperando llegue a sus seres queridos  la paz y la resignaci\u00f3n.<\/p>\n<p>Fuente: Baradero Te Informa<\/p>\n","protected":false},"excerpt":{"rendered":"<p>Hace minutos, en comunicaci\u00f3n con BTI, la familia de qui\u00e9n en vida fuera Ram\u00f3n Toledo, confirmo la triste noticia. El cuerpo fue reconocido en la morgue de la ciudad de San Nicol\u00e1s, lugar al cual se acercaron los hermanos y sobrinos de Toledo. En el d\u00eda de ma\u00f1ana se le realizar\u00e1 la autopsia,para esclarecer los [&hellip;]<\/p>\n","protected":false},"author":4,"featured_media":44131,"comment_status":"open","ping_status":"closed","sticky":false,"template":"","format":"standard","meta":{"om_disable_all_campaigns":false,"_jetpack_memberships_contains_paid_content":false,"footnotes":""},"categories":[621],"tags":[],"class_list":["post-44129","post","type-post","status-publish","format-standard","has-post-thumbnail","hentry","category-regionales"],"aioseo_notices":[],"gutentor_comment":0,"jetpack_featured_media_url":"https:\/\/eldiariodesanpedro.com.ar\/sitio\/wp-content\/uploads\/2018\/11\/PAGINA-6-11.jpg","jetpack_shortlink":"https:\/\/wp.me\/p6RhLt-btL","jetpack_sharing_enabled":true,"_links":{"self":[{"href":"https:\/\/eldiariodesanpedro.com.ar\/sitio\/wp-json\/wp\/v2\/posts\/44129","targetHints":{"allow":["GET"]}}],"collection":[{"href":"https:\/\/eldiariodesanpedro.com.ar\/sitio\/wp-json\/wp\/v2\/posts"}],"about":[{"href":"https:\/\/eldiariodesanpedro.com.ar\/sitio\/wp-json\/wp\/v2\/types\/post"}],"author":[{"embeddable":true,"href":"https:\/\/eldiariodesanpedro.com.ar\/sitio\/wp-json\/wp\/v2\/users\/4"}],"replies":[{"embeddable":true,"href":"https:\/\/eldiariodesanpedro.com.ar\/sitio\/wp-json\/wp\/v2\/comments?post=44129"}],"version-history":[{"count":1,"href":"https:\/\/eldiariodesanpedro.com.ar\/sitio\/wp-json\/wp\/v2\/posts\/44129\/revisions"}],"predecessor-version":[{"id":44132,"href":"https:\/\/eldiariodesanpedro.com.ar\/sitio\/wp-json\/wp\/v2\/posts\/44129\/revisions\/44132"}],"wp:featuredmedia":[{"embeddable":true,"href":"https:\/\/eldiariodesanpedro.com.ar\/sitio\/wp-json\/wp\/v2\/media\/44131"}],"wp:attachment":[{"href":"https:\/\/eldiariodesanpedro.com.ar\/sitio\/wp-json\/wp\/v2\/media?parent=44129"}],"wp:term":[{"taxonomy":"category","embeddable":true,"href":"https:\/\/eldiariodesanpedro.com.ar\/sitio\/wp-json\/wp\/v2\/categories?post=44129"},{"taxonomy":"post_tag","embeddable":true,"href":"https:\/\/eldiariodesanpedro.com.ar\/sitio\/wp-json\/wp\/v2\/tags?post=44129"}],"curies":[{"name":"wp","href":"https:\/\/api.w.org\/{rel}","templated":true}]}}