{"id":44121,"date":"2018-11-25T20:48:05","date_gmt":"2018-11-25T23:48:05","guid":{"rendered":"https:\/\/eldiariodesanpedro.com.ar\/sitio\/?p=44121"},"modified":"2018-11-25T20:48:05","modified_gmt":"2018-11-25T23:48:05","slug":"tres-aprehendidos-por-paradero-activo-y-un-vehiculo-con-pedido-de-secuestro","status":"publish","type":"post","link":"https:\/\/eldiariodesanpedro.com.ar\/sitio\/tres-aprehendidos-por-paradero-activo-y-un-vehiculo-con-pedido-de-secuestro\/","title":{"rendered":"Tres aprehendidos por paradero activo y un veh\u00edculo con pedido de secuestro"},"content":{"rendered":"<p><!-- VideographyWP Plugin Message: Automatic video embedding prevented by plugin options. --><br \/>\nEste s\u00e1bado en horas del mediod\u00eda en Bvrd. Moreno y Mitre, personal policial procede a la aprehensi\u00f3n masculino mayor de edad, quien registra Pedido de Captura Activo solicitado por el Juzgado en lo Correccional N\u00b0 3 San Nicol\u00e1s, magistrado que dispone recaudos legales y posterior libertad.<br \/>\nMismo lugar se procede a la aprehensi\u00f3n que otro masculino quien tambi\u00e9n registra Pedido de Captura activo, solicitado por el mismo juzgado, disponiendo misma medida que para con el anterior.<br \/>\nEl mismo dia a la tarde en Mitre y Av. 3 de Febrero, se procede a la aprehensi\u00f3n de masculino mayor de edad quien registra Pedido de Paradero activo solicitado por UFI N\u00b0 1 de Quilmes, magistrado que dispone recaudos legales y posterior libertad.<br \/>\nAdem\u00e1s este s\u00e1bado en horas de la tarde la polic\u00eda del destacamento Santa Luc\u00eda en el radio urbano proceden a la aprehension de masculino mayor de edad, quien se movilizaba en autom\u00f3vil marca Ford Fiesta, el que registra Pedido de Secuestro activo. Actuaciones con intervenci\u00f3n de la UFI N\u00b0 5 San Pedro, disponiendo recaudos legales y posterior libertad del aprehendido, rodado secuestrado.<\/p>\n","protected":false},"excerpt":{"rendered":"<p>Este s\u00e1bado en horas del mediod\u00eda en Bvrd. Moreno y Mitre, personal policial procede a la aprehensi\u00f3n masculino mayor de edad, quien registra Pedido de Captura Activo solicitado por el Juzgado en lo Correccional N\u00b0 3 San Nicol\u00e1s, magistrado que dispone recaudos legales y posterior libertad. Mismo lugar se procede a la aprehensi\u00f3n que otro [&hellip;]<\/p>\n","protected":false},"author":4,"featured_media":7819,"comment_status":"open","ping_status":"closed","sticky":false,"template":"","format":"standard","meta":{"om_disable_all_campaigns":false,"_jetpack_memberships_contains_paid_content":false,"footnotes":""},"categories":[2,103],"tags":[],"class_list":["post-44121","post","type-post","status-publish","format-standard","has-post-thumbnail","hentry","category-locales","category-policiales-locales"],"aioseo_notices":[],"gutentor_comment":0,"jetpack_featured_media_url":"https:\/\/eldiariodesanpedro.com.ar\/sitio\/wp-content\/uploads\/2016\/09\/detenidos-esposados.jpg","jetpack_shortlink":"https:\/\/wp.me\/p6RhLt-btD","jetpack_sharing_enabled":true,"_links":{"self":[{"href":"https:\/\/eldiariodesanpedro.com.ar\/sitio\/wp-json\/wp\/v2\/posts\/44121","targetHints":{"allow":["GET"]}}],"collection":[{"href":"https:\/\/eldiariodesanpedro.com.ar\/sitio\/wp-json\/wp\/v2\/posts"}],"about":[{"href":"https:\/\/eldiariodesanpedro.com.ar\/sitio\/wp-json\/wp\/v2\/types\/post"}],"author":[{"embeddable":true,"href":"https:\/\/eldiariodesanpedro.com.ar\/sitio\/wp-json\/wp\/v2\/users\/4"}],"replies":[{"embeddable":true,"href":"https:\/\/eldiariodesanpedro.com.ar\/sitio\/wp-json\/wp\/v2\/comments?post=44121"}],"version-history":[{"count":1,"href":"https:\/\/eldiariodesanpedro.com.ar\/sitio\/wp-json\/wp\/v2\/posts\/44121\/revisions"}],"predecessor-version":[{"id":44125,"href":"https:\/\/eldiariodesanpedro.com.ar\/sitio\/wp-json\/wp\/v2\/posts\/44121\/revisions\/44125"}],"wp:featuredmedia":[{"embeddable":true,"href":"https:\/\/eldiariodesanpedro.com.ar\/sitio\/wp-json\/wp\/v2\/media\/7819"}],"wp:attachment":[{"href":"https:\/\/eldiariodesanpedro.com.ar\/sitio\/wp-json\/wp\/v2\/media?parent=44121"}],"wp:term":[{"taxonomy":"category","embeddable":true,"href":"https:\/\/eldiariodesanpedro.com.ar\/sitio\/wp-json\/wp\/v2\/categories?post=44121"},{"taxonomy":"post_tag","embeddable":true,"href":"https:\/\/eldiariodesanpedro.com.ar\/sitio\/wp-json\/wp\/v2\/tags?post=44121"}],"curies":[{"name":"wp","href":"https:\/\/api.w.org\/{rel}","templated":true}]}}