{"id":44112,"date":"2018-11-25T20:40:08","date_gmt":"2018-11-25T23:40:08","guid":{"rendered":"https:\/\/eldiariodesanpedro.com.ar\/sitio\/?p=44112"},"modified":"2026-01-24T00:08:55","modified_gmt":"2026-01-24T03:08:55","slug":"ajedrez-reconocimiento-a-jose-orso-en-villa-igoillo","status":"publish","type":"post","link":"https:\/\/eldiariodesanpedro.com.ar\/sitio\/ajedrez-reconocimiento-a-jose-orso-en-villa-igoillo\/","title":{"rendered":"AJEDREZ: Reconocimiento a Jos\u00e9 Orso en Villa Igoillo"},"content":{"rendered":"<p><!-- VideographyWP Plugin Message: Automatic video embedding prevented by plugin options. --><br \/>\nEn la sede de la sociedad de fomento del barrio Villa Igoillo se llev\u00f3 a cabo este s\u00e1bado un masivo torneo de Ajedrez en homenaje a Jos\u00e9 Orso, quien fuera profesor y jugador a\u00f1os atr\u00e1s.<br \/>\nEx alumnos de Orso y nuevos juveniles son los que participaron de este evento que cont\u00f3 con muchos jugadores y p\u00fablico. Tambi\u00e9n fue parte del mismo Ram\u00f3n Salazar, quien actualmente es el Secretario de Gobierno, en sus comienzos en el deporte fue jugador de Villa Igoillo de Ajedrez, destac\u00e1ndose a nivel nacional.<\/p>\n","protected":false},"excerpt":{"rendered":"<p>En la sede de la sociedad de fomento del barrio Villa Igoillo se llev\u00f3 a cabo este s\u00e1bado un masivo torneo de Ajedrez en homenaje a Jos\u00e9 Orso, quien fuera profesor y jugador a\u00f1os atr\u00e1s. Ex alumnos de Orso y nuevos juveniles son los que participaron de este evento que cont\u00f3 con muchos jugadores y [&hellip;]<\/p>\n","protected":false},"author":4,"featured_media":44114,"comment_status":"open","ping_status":"closed","sticky":false,"template":"","format":"standard","meta":{"om_disable_all_campaigns":false,"_jetpack_memberships_contains_paid_content":false,"footnotes":""},"categories":[5],"tags":[],"class_list":["post-44112","post","type-post","status-publish","format-standard","has-post-thumbnail","hentry","category-deportes"],"aioseo_notices":[],"gutentor_comment":0,"jetpack_featured_media_url":"https:\/\/eldiariodesanpedro.com.ar\/sitio\/wp-content\/uploads\/2018\/11\/Jose-Orso-junto-as-jugadores.jpg","jetpack_shortlink":"https:\/\/wp.me\/p6RhLt-btu","jetpack_sharing_enabled":true,"_links":{"self":[{"href":"https:\/\/eldiariodesanpedro.com.ar\/sitio\/wp-json\/wp\/v2\/posts\/44112","targetHints":{"allow":["GET"]}}],"collection":[{"href":"https:\/\/eldiariodesanpedro.com.ar\/sitio\/wp-json\/wp\/v2\/posts"}],"about":[{"href":"https:\/\/eldiariodesanpedro.com.ar\/sitio\/wp-json\/wp\/v2\/types\/post"}],"author":[{"embeddable":true,"href":"https:\/\/eldiariodesanpedro.com.ar\/sitio\/wp-json\/wp\/v2\/users\/4"}],"replies":[{"embeddable":true,"href":"https:\/\/eldiariodesanpedro.com.ar\/sitio\/wp-json\/wp\/v2\/comments?post=44112"}],"version-history":[{"count":1,"href":"https:\/\/eldiariodesanpedro.com.ar\/sitio\/wp-json\/wp\/v2\/posts\/44112\/revisions"}],"predecessor-version":[{"id":44119,"href":"https:\/\/eldiariodesanpedro.com.ar\/sitio\/wp-json\/wp\/v2\/posts\/44112\/revisions\/44119"}],"wp:featuredmedia":[{"embeddable":true,"href":"https:\/\/eldiariodesanpedro.com.ar\/sitio\/wp-json\/wp\/v2\/media\/44114"}],"wp:attachment":[{"href":"https:\/\/eldiariodesanpedro.com.ar\/sitio\/wp-json\/wp\/v2\/media?parent=44112"}],"wp:term":[{"taxonomy":"category","embeddable":true,"href":"https:\/\/eldiariodesanpedro.com.ar\/sitio\/wp-json\/wp\/v2\/categories?post=44112"},{"taxonomy":"post_tag","embeddable":true,"href":"https:\/\/eldiariodesanpedro.com.ar\/sitio\/wp-json\/wp\/v2\/tags?post=44112"}],"curies":[{"name":"wp","href":"https:\/\/api.w.org\/{rel}","templated":true}]}}