{"id":44110,"date":"2018-11-25T20:40:00","date_gmt":"2018-11-25T23:40:00","guid":{"rendered":"https:\/\/eldiariodesanpedro.com.ar\/sitio\/?p=44110"},"modified":"2026-01-24T00:08:55","modified_gmt":"2026-01-24T03:08:55","slug":"voley-sub-15-masculino-de-nautico-campeon-2018-de-la-anv","status":"publish","type":"post","link":"https:\/\/eldiariodesanpedro.com.ar\/sitio\/voley-sub-15-masculino-de-nautico-campeon-2018-de-la-anv\/","title":{"rendered":"VOLEY: Sub 15 masculino de N\u00e1utico Campe\u00f3n 2018 de la ANV"},"content":{"rendered":"<p><!-- VideographyWP Plugin Message: Automatic video embedding prevented by plugin options. --><br \/>\nLos chicos de N\u00e1utico superaron a Baradero en dos sets 3-0 y con la serie 2-0 se coron\u00f3 campe\u00f3n Sub 15 de la Asoc. Nicole\u00f1a de Voley.<br \/>\nEl Plantel: M\u00e1ximo Dom\u00ednguez(c), Sim\u00f3n Paradela, Valentino Fauro, Amadeo Torre, Santiago Repetti, Mart\u00edn Mantovani, Rafael P\u00e9rez, Nazareno Massaglia (lesionado), Geronimo Ratto. Dt: Federico Bonvissuto-Gonzalo Ratto<\/p>\n","protected":false},"excerpt":{"rendered":"<p>Los chicos de N\u00e1utico superaron a Baradero en dos sets 3-0 y con la serie 2-0 se coron\u00f3 campe\u00f3n Sub 15 de la Asoc. Nicole\u00f1a de Voley. El Plantel: M\u00e1ximo Dom\u00ednguez(c), Sim\u00f3n Paradela, Valentino Fauro, Amadeo Torre, Santiago Repetti, Mart\u00edn Mantovani, Rafael P\u00e9rez, Nazareno Massaglia (lesionado), Geronimo Ratto. Dt: Federico Bonvissuto-Gonzalo Ratto<\/p>\n","protected":false},"author":4,"featured_media":44113,"comment_status":"open","ping_status":"closed","sticky":false,"template":"","format":"standard","meta":{"om_disable_all_campaigns":false,"_jetpack_memberships_contains_paid_content":false,"footnotes":""},"categories":[5],"tags":[],"class_list":["post-44110","post","type-post","status-publish","format-standard","has-post-thumbnail","hentry","category-deportes"],"aioseo_notices":[],"gutentor_comment":0,"jetpack_featured_media_url":"https:\/\/eldiariodesanpedro.com.ar\/sitio\/wp-content\/uploads\/2018\/11\/Equipo-de-Nautico-campeon.jpg","jetpack_shortlink":"https:\/\/wp.me\/p6RhLt-bts","jetpack_sharing_enabled":true,"_links":{"self":[{"href":"https:\/\/eldiariodesanpedro.com.ar\/sitio\/wp-json\/wp\/v2\/posts\/44110","targetHints":{"allow":["GET"]}}],"collection":[{"href":"https:\/\/eldiariodesanpedro.com.ar\/sitio\/wp-json\/wp\/v2\/posts"}],"about":[{"href":"https:\/\/eldiariodesanpedro.com.ar\/sitio\/wp-json\/wp\/v2\/types\/post"}],"author":[{"embeddable":true,"href":"https:\/\/eldiariodesanpedro.com.ar\/sitio\/wp-json\/wp\/v2\/users\/4"}],"replies":[{"embeddable":true,"href":"https:\/\/eldiariodesanpedro.com.ar\/sitio\/wp-json\/wp\/v2\/comments?post=44110"}],"version-history":[{"count":1,"href":"https:\/\/eldiariodesanpedro.com.ar\/sitio\/wp-json\/wp\/v2\/posts\/44110\/revisions"}],"predecessor-version":[{"id":44117,"href":"https:\/\/eldiariodesanpedro.com.ar\/sitio\/wp-json\/wp\/v2\/posts\/44110\/revisions\/44117"}],"wp:featuredmedia":[{"embeddable":true,"href":"https:\/\/eldiariodesanpedro.com.ar\/sitio\/wp-json\/wp\/v2\/media\/44113"}],"wp:attachment":[{"href":"https:\/\/eldiariodesanpedro.com.ar\/sitio\/wp-json\/wp\/v2\/media?parent=44110"}],"wp:term":[{"taxonomy":"category","embeddable":true,"href":"https:\/\/eldiariodesanpedro.com.ar\/sitio\/wp-json\/wp\/v2\/categories?post=44110"},{"taxonomy":"post_tag","embeddable":true,"href":"https:\/\/eldiariodesanpedro.com.ar\/sitio\/wp-json\/wp\/v2\/tags?post=44110"}],"curies":[{"name":"wp","href":"https:\/\/api.w.org\/{rel}","templated":true}]}}