{"id":44105,"date":"2018-11-25T11:01:06","date_gmt":"2018-11-25T14:01:06","guid":{"rendered":"https:\/\/eldiariodesanpedro.com.ar\/sitio\/?p=44105"},"modified":"2018-11-25T11:01:06","modified_gmt":"2018-11-25T14:01:06","slug":"robaron-12-vacas-de-una-estancia-y-al-escapar-6-de-ellas-fueron-atropelladas","status":"publish","type":"post","link":"https:\/\/eldiariodesanpedro.com.ar\/sitio\/robaron-12-vacas-de-una-estancia-y-al-escapar-6-de-ellas-fueron-atropelladas\/","title":{"rendered":"Robaron 12 vacas de una estancia y al escapar 6 de ellas fueron atropelladas"},"content":{"rendered":"<p><!-- VideographyWP Plugin Message: Automatic video embedding prevented by plugin options. --><br \/>\nEn la madrugada del viernes se produjo un nuevo hecho delictivo en la zona rural de nuestra ciudad. Desde la estancia La Celina se constato el faltante de 12 vacas pero 6 de ellas, lamentablemente, fueron atropelladas al intentar cruzar la ruta.<\/p>\n<p>Un grupo de delincuentes serian los autores del hecho que seg\u00fan se pudo establecer lograron  sacar los animales del campo arri\u00e1ndolos y cuando pretend\u00edan cruzar a la altura del km. 158, fueron chocadas por un cami\u00f3n.<\/p>\n<p>En el siniestro no se registraron personas heridas ni la situaci\u00f3n pas\u00f3 a mayores, puesto que una situaci\u00f3n como esta podr\u00eda haber ocasionado un accidente a\u00fan m\u00e1s grave.<\/p>\n<p>Desde la sociedad Rural de San Pedro enviaron un comunicado a los medios de comunicaci\u00f3n expresando su preocupaci\u00f3n por los hechos delictivos que vienen ocurriendo.<\/p>\n<p>El comunicado se titula: Grave accidente y preocupante situaci\u00f3n por el robo de hacienda<\/p>\n<p>\u00abEn la zona rural de San Pedro se  registro un grave accidente que pudo tener consecuencias mayores, como consecuencia del abigeato. En un tipo de episodio que  desde nuestra entidad se viene alertando constantemente y que incluso fue informado en el \u00e1mbito judicial  el robo de 12 cabezas de ganado (entre ellas puras por cruza y un toro de gran valor) un lote de animales fue impactado sobre la ruta 9 por una camioneta y un cami\u00f3n. Los animales quedaron al costado del camino y se debi\u00f3 implementar un operativo especial para despejar el \u00e1rea y retirarlos.<\/p>\n<p>Una vez m\u00e1s desde la Sociedad Rural de San Pedro hacemos un llamado a las autoridades  judiciales sobre la preocupaci\u00f3n que existe con este tema y tambi\u00e9n a quienes contribuyen con el funcionamiento de un mercado negro que no s\u00f3lo tiene consecuencias econ\u00f3micas, sino tambi\u00e9n  de una gran inviabilidad productiva y  salubridad y seguridad\u00bb.<\/p>\n<p>Sociedad Rural de San Pedro<br \/>\nwww.ruraldesanpedro.com.ar<\/p>\n","protected":false},"excerpt":{"rendered":"<p>En la madrugada del viernes se produjo un nuevo hecho delictivo en la zona rural de nuestra ciudad. Desde la estancia La Celina se constato el faltante de 12 vacas pero 6 de ellas, lamentablemente, fueron atropelladas al intentar cruzar la ruta. Un grupo de delincuentes serian los autores del hecho que seg\u00fan se pudo [&hellip;]<\/p>\n","protected":false},"author":4,"featured_media":44106,"comment_status":"open","ping_status":"closed","sticky":false,"template":"","format":"standard","meta":{"om_disable_all_campaigns":false,"_jetpack_memberships_contains_paid_content":false,"footnotes":""},"categories":[50,2,103],"tags":[],"class_list":["post-44105","post","type-post","status-publish","format-standard","has-post-thumbnail","hentry","category-destacadas","category-locales","category-policiales-locales"],"aioseo_notices":[],"gutentor_comment":0,"jetpack_featured_media_url":"https:\/\/eldiariodesanpedro.com.ar\/sitio\/wp-content\/uploads\/2018\/11\/animales.jpg","jetpack_shortlink":"https:\/\/wp.me\/p6RhLt-btn","jetpack_sharing_enabled":true,"_links":{"self":[{"href":"https:\/\/eldiariodesanpedro.com.ar\/sitio\/wp-json\/wp\/v2\/posts\/44105","targetHints":{"allow":["GET"]}}],"collection":[{"href":"https:\/\/eldiariodesanpedro.com.ar\/sitio\/wp-json\/wp\/v2\/posts"}],"about":[{"href":"https:\/\/eldiariodesanpedro.com.ar\/sitio\/wp-json\/wp\/v2\/types\/post"}],"author":[{"embeddable":true,"href":"https:\/\/eldiariodesanpedro.com.ar\/sitio\/wp-json\/wp\/v2\/users\/4"}],"replies":[{"embeddable":true,"href":"https:\/\/eldiariodesanpedro.com.ar\/sitio\/wp-json\/wp\/v2\/comments?post=44105"}],"version-history":[{"count":1,"href":"https:\/\/eldiariodesanpedro.com.ar\/sitio\/wp-json\/wp\/v2\/posts\/44105\/revisions"}],"predecessor-version":[{"id":44107,"href":"https:\/\/eldiariodesanpedro.com.ar\/sitio\/wp-json\/wp\/v2\/posts\/44105\/revisions\/44107"}],"wp:featuredmedia":[{"embeddable":true,"href":"https:\/\/eldiariodesanpedro.com.ar\/sitio\/wp-json\/wp\/v2\/media\/44106"}],"wp:attachment":[{"href":"https:\/\/eldiariodesanpedro.com.ar\/sitio\/wp-json\/wp\/v2\/media?parent=44105"}],"wp:term":[{"taxonomy":"category","embeddable":true,"href":"https:\/\/eldiariodesanpedro.com.ar\/sitio\/wp-json\/wp\/v2\/categories?post=44105"},{"taxonomy":"post_tag","embeddable":true,"href":"https:\/\/eldiariodesanpedro.com.ar\/sitio\/wp-json\/wp\/v2\/tags?post=44105"}],"curies":[{"name":"wp","href":"https:\/\/api.w.org\/{rel}","templated":true}]}}