{"id":44102,"date":"2018-11-24T12:00:17","date_gmt":"2018-11-24T15:00:17","guid":{"rendered":"https:\/\/eldiariodesanpedro.com.ar\/sitio\/?p=44102"},"modified":"2018-11-24T12:00:17","modified_gmt":"2018-11-24T15:00:17","slug":"san-nicolas-cuatro-allanamientos-por-venta-de-drogas","status":"publish","type":"post","link":"https:\/\/eldiariodesanpedro.com.ar\/sitio\/san-nicolas-cuatro-allanamientos-por-venta-de-drogas\/","title":{"rendered":"SAN NICOLAS:  Cuatro allanamientos por venta de drogas"},"content":{"rendered":"<p><!-- VideographyWP Plugin Message: Automatic video embedding prevented by plugin options. --><br \/>\nA partir de una denuncia que daba cuenta de que un sujeto de apellido Guerra vend\u00eda droga a menores, la fiscal\u00eda a cargo de la Dra. Marcantonio realiz\u00f3 cuatro allanamientos donde secuestr\u00f3 coca\u00edna y marihuana. Hay un detenido. <\/p>\n<p>Causa que se  inici\u00f3 este a\u00f1o a partir de la denuncia de un ciudadano que realiz\u00f3 en la fiscal\u00eda que tiene a su cargo la Dra. Ver\u00f3nica Marcantonio. En la declaraci\u00f3n dio cuenta de que un sujeto identificado como Maximiliano Guerra, domiciliado en Viale 650, comercializaba marihuana y coca\u00edna. Seg\u00fan la denuncia, la venta se realizaba principalmente a vecinos del barrio Asonia entre los cuales hab\u00eda menos de edad.<\/p>\n<p>En base a los datos aportados en la denuncia, se dio inicio a la causa en la que personal de la Delegaci\u00f3n de drogas il\u00edcitas e instructores judiciales de la UFI N\u00ba 1 realizando tareas de inteligencia en el domicilio. En el marco de la investigaci\u00f3n pudieron comprobar que el sujeto denunciado ten\u00eda vinculaci\u00f3n con la venta de estupefacientes y tambi\u00e9n que otros familiares tendr\u00edan relaci\u00f3n con el delito.<\/p>\n<p>Se solicitaron los pedidos para realizar los allanamientos los cuales fueron concedidos por el Juzgado de Garant\u00edas N\u00ba 3. En el domicilio de Maximiliano Guerra, en calle Viale, se secuestraron 50,7 gramos de coca\u00edna, en parte fraccionada para la venta y parte compacta. Adem\u00e1s, 25 gramos de marihuana, una balanza de precisi\u00f3n, cinco plantas de Cannabis Sativa, una pistola calibre 22 y 24 cartuchos calibres 22 y 32, m\u00e1s cinco celulares.<\/p>\n<p>El sujeto, a quien se le imputa el delito de tenencia de estupefacientes con fines de comercializaci\u00f3n, fue aprehendido y se neg\u00f3 a prestar declaraci\u00f3n haciendo uso de su derecho.<\/p>\n<p>Por su parte, la fiscal Marcantonio solicit\u00f3 al Juzgado de Garant\u00edas que el imputado quede en calidad de detenido ya que se comprob\u00f3 de manera fehaciente su participaci\u00f3n en el delito.<\/p>\n<p>Fuente: Diario El Informante<\/p>\n","protected":false},"excerpt":{"rendered":"<p>A partir de una denuncia que daba cuenta de que un sujeto de apellido Guerra vend\u00eda droga a menores, la fiscal\u00eda a cargo de la Dra. Marcantonio realiz\u00f3 cuatro allanamientos donde secuestr\u00f3 coca\u00edna y marihuana. Hay un detenido. Causa que se inici\u00f3 este a\u00f1o a partir de la denuncia de un ciudadano que realiz\u00f3 en [&hellip;]<\/p>\n","protected":false},"author":4,"featured_media":44103,"comment_status":"open","ping_status":"closed","sticky":false,"template":"","format":"standard","meta":{"om_disable_all_campaigns":false,"_jetpack_memberships_contains_paid_content":false,"footnotes":""},"categories":[621],"tags":[],"class_list":["post-44102","post","type-post","status-publish","format-standard","has-post-thumbnail","hentry","category-regionales"],"aioseo_notices":[],"gutentor_comment":0,"jetpack_featured_media_url":"https:\/\/eldiariodesanpedro.com.ar\/sitio\/wp-content\/uploads\/2018\/11\/no_8cmilod61jlwep0dr.jpg","jetpack_shortlink":"https:\/\/wp.me\/p6RhLt-btk","jetpack_sharing_enabled":true,"_links":{"self":[{"href":"https:\/\/eldiariodesanpedro.com.ar\/sitio\/wp-json\/wp\/v2\/posts\/44102","targetHints":{"allow":["GET"]}}],"collection":[{"href":"https:\/\/eldiariodesanpedro.com.ar\/sitio\/wp-json\/wp\/v2\/posts"}],"about":[{"href":"https:\/\/eldiariodesanpedro.com.ar\/sitio\/wp-json\/wp\/v2\/types\/post"}],"author":[{"embeddable":true,"href":"https:\/\/eldiariodesanpedro.com.ar\/sitio\/wp-json\/wp\/v2\/users\/4"}],"replies":[{"embeddable":true,"href":"https:\/\/eldiariodesanpedro.com.ar\/sitio\/wp-json\/wp\/v2\/comments?post=44102"}],"version-history":[{"count":1,"href":"https:\/\/eldiariodesanpedro.com.ar\/sitio\/wp-json\/wp\/v2\/posts\/44102\/revisions"}],"predecessor-version":[{"id":44104,"href":"https:\/\/eldiariodesanpedro.com.ar\/sitio\/wp-json\/wp\/v2\/posts\/44102\/revisions\/44104"}],"wp:featuredmedia":[{"embeddable":true,"href":"https:\/\/eldiariodesanpedro.com.ar\/sitio\/wp-json\/wp\/v2\/media\/44103"}],"wp:attachment":[{"href":"https:\/\/eldiariodesanpedro.com.ar\/sitio\/wp-json\/wp\/v2\/media?parent=44102"}],"wp:term":[{"taxonomy":"category","embeddable":true,"href":"https:\/\/eldiariodesanpedro.com.ar\/sitio\/wp-json\/wp\/v2\/categories?post=44102"},{"taxonomy":"post_tag","embeddable":true,"href":"https:\/\/eldiariodesanpedro.com.ar\/sitio\/wp-json\/wp\/v2\/tags?post=44102"}],"curies":[{"name":"wp","href":"https:\/\/api.w.org\/{rel}","templated":true}]}}