{"id":44099,"date":"2018-11-24T11:52:44","date_gmt":"2018-11-24T14:52:44","guid":{"rendered":"https:\/\/eldiariodesanpedro.com.ar\/sitio\/?p=44099"},"modified":"2018-11-24T11:52:44","modified_gmt":"2018-11-24T14:52:44","slug":"baradero-estuvo-presente-en-el-marco-del-vi-consejo-provincial-de-seguridad-publica-que-se-realizo-en-general-madariaga","status":"publish","type":"post","link":"https:\/\/eldiariodesanpedro.com.ar\/sitio\/baradero-estuvo-presente-en-el-marco-del-vi-consejo-provincial-de-seguridad-publica-que-se-realizo-en-general-madariaga\/","title":{"rendered":"Baradero estuvo presente en el marco del VI Consejo Provincial de Seguridad P\u00fablica, que se realiz\u00f3 en General Madariaga"},"content":{"rendered":"<p><!-- VideographyWP Plugin Message: Automatic video embedding prevented by plugin options. --><br \/>\nLa apertura de la actividad fue encabezada por el ministro de seguridad bonaerense Cristian Ritondo junto al subsecretario de Planificaci\u00f3n e Inteligencia Criminal Vicente Ventura Barreiro. De Baradero estuvo Alejandro Messina, director de Inspecci\u00f3n y Seguridad de la Municipalidad de Baradero.<\/p>\n<p>Uno de los principales temas que se abord\u00f3 estuvo orientado a la reforma del sistema educativo de la Polic\u00eda Bonaerense, que desarroll\u00f3 el subsecretario de Planificaci\u00f3n e Inteligencia Criminal Vicente Ventura Barreiro.<br \/>\nPor otra parte, el subcomisario Walter Oscar Rojas, director de Investigaciones relacionadas a cyber crimen (grooming) disert\u00f3 en otro de los paneles de la jornada.<\/p>\n<p>Mientras que, al mediod\u00eda del viernes, el presidente de la Honorable C\u00e1mara de Diputados bonaerense Manuel Mosca se refiri\u00f3 a la relaci\u00f3n entre el Ministerio de Seguridad y la legislatura provincial.<br \/>\nLuego, el director General de Recursos Inform\u00e1ticos y Comunicaciones, Alberto Crovara, trat\u00f3 el sistema de informaci\u00f3n delictual.<\/p>\n<p>Por la tarde, el diputado provincial Jorge D\u2019Onofrio se refiri\u00f3 al tema narcotr\u00e1fico. Mientras que el intendente de Chivilcoy Guillermo Britos hizo hincapi\u00e9 en la interacci\u00f3n entre las distintas fuerzas de seguridad y la relaci\u00f3n del vecino con el personal policial.<\/p>\n<p>Mientras que para el final el director provincial de Defensa Civil Luciano Timerman expuso sobre el funcionamiento del sistema de emergencias en territorio bonaerense.<\/p>\n<p>Las conclusiones y palabras de cierre estuvieron a cargo del ministro de Seguridad y presidente del Consejo Provincial de Seguridad P\u00fablica Cristian Ritondo.<\/p>\n<p>Fuente: Baradero Te Informa<\/p>\n","protected":false},"excerpt":{"rendered":"<p>La apertura de la actividad fue encabezada por el ministro de seguridad bonaerense Cristian Ritondo junto al subsecretario de Planificaci\u00f3n e Inteligencia Criminal Vicente Ventura Barreiro. De Baradero estuvo Alejandro Messina, director de Inspecci\u00f3n y Seguridad de la Municipalidad de Baradero. Uno de los principales temas que se abord\u00f3 estuvo orientado a la reforma del [&hellip;]<\/p>\n","protected":false},"author":4,"featured_media":44100,"comment_status":"open","ping_status":"closed","sticky":false,"template":"","format":"standard","meta":{"om_disable_all_campaigns":false,"_jetpack_memberships_contains_paid_content":false,"footnotes":""},"categories":[621],"tags":[],"class_list":["post-44099","post","type-post","status-publish","format-standard","has-post-thumbnail","hentry","category-regionales"],"aioseo_notices":[],"gutentor_comment":0,"jetpack_featured_media_url":"https:\/\/eldiariodesanpedro.com.ar\/sitio\/wp-content\/uploads\/2018\/11\/1-6.jpg","jetpack_shortlink":"https:\/\/wp.me\/p6RhLt-bth","jetpack_sharing_enabled":true,"_links":{"self":[{"href":"https:\/\/eldiariodesanpedro.com.ar\/sitio\/wp-json\/wp\/v2\/posts\/44099","targetHints":{"allow":["GET"]}}],"collection":[{"href":"https:\/\/eldiariodesanpedro.com.ar\/sitio\/wp-json\/wp\/v2\/posts"}],"about":[{"href":"https:\/\/eldiariodesanpedro.com.ar\/sitio\/wp-json\/wp\/v2\/types\/post"}],"author":[{"embeddable":true,"href":"https:\/\/eldiariodesanpedro.com.ar\/sitio\/wp-json\/wp\/v2\/users\/4"}],"replies":[{"embeddable":true,"href":"https:\/\/eldiariodesanpedro.com.ar\/sitio\/wp-json\/wp\/v2\/comments?post=44099"}],"version-history":[{"count":1,"href":"https:\/\/eldiariodesanpedro.com.ar\/sitio\/wp-json\/wp\/v2\/posts\/44099\/revisions"}],"predecessor-version":[{"id":44101,"href":"https:\/\/eldiariodesanpedro.com.ar\/sitio\/wp-json\/wp\/v2\/posts\/44099\/revisions\/44101"}],"wp:featuredmedia":[{"embeddable":true,"href":"https:\/\/eldiariodesanpedro.com.ar\/sitio\/wp-json\/wp\/v2\/media\/44100"}],"wp:attachment":[{"href":"https:\/\/eldiariodesanpedro.com.ar\/sitio\/wp-json\/wp\/v2\/media?parent=44099"}],"wp:term":[{"taxonomy":"category","embeddable":true,"href":"https:\/\/eldiariodesanpedro.com.ar\/sitio\/wp-json\/wp\/v2\/categories?post=44099"},{"taxonomy":"post_tag","embeddable":true,"href":"https:\/\/eldiariodesanpedro.com.ar\/sitio\/wp-json\/wp\/v2\/tags?post=44099"}],"curies":[{"name":"wp","href":"https:\/\/api.w.org\/{rel}","templated":true}]}}