{"id":44097,"date":"2018-11-24T11:44:34","date_gmt":"2018-11-24T14:44:34","guid":{"rendered":"https:\/\/eldiariodesanpedro.com.ar\/sitio\/?p=44097"},"modified":"2018-11-24T11:44:34","modified_gmt":"2018-11-24T14:44:34","slug":"accidente-una-motocicleta-intercepto-a-un-menor-mientras-cruzaba-la-calle","status":"publish","type":"post","link":"https:\/\/eldiariodesanpedro.com.ar\/sitio\/accidente-una-motocicleta-intercepto-a-un-menor-mientras-cruzaba-la-calle\/","title":{"rendered":"Accidente:  Una motocicleta intercepto a un menor  mientras cruzaba la calle"},"content":{"rendered":"<p><!-- VideographyWP Plugin Message: Automatic video embedding prevented by plugin options. --><br \/>\nEl hecho ocurri\u00f3 al mediod\u00eda del viernes, cuando un menor intentaba cruzar la calle Novillo casi llegando a Mitre y es interceptado por una moto.<\/p>\n<p>La motocicleta era guiada por un joven de 23, siendo una moto delivery marca Honda CG 150 que se dirig\u00eda en direcci\u00f3n por Novillo y cuando cruza la Av. Mitre  colisiona con un ni\u00f1o de 8 que cruzaba la  senda corriendo.<\/p>\n<p>Como consecuencia el joven fue  trasladado al Nosocomio local por la ambulancia de emergencias, donde el medico de guardia dictamino que establec\u00eda politraumatismo de cr\u00e1neo sin p\u00e9rdida de conocimiento, sin riesgo de vida, dado de alta a la brevedad. <\/p>\n<p>El conductor del rodado resulto ileso.<\/p>\n","protected":false},"excerpt":{"rendered":"<p>El hecho ocurri\u00f3 al mediod\u00eda del viernes, cuando un menor intentaba cruzar la calle Novillo casi llegando a Mitre y es interceptado por una moto. La motocicleta era guiada por un joven de 23, siendo una moto delivery marca Honda CG 150 que se dirig\u00eda en direcci\u00f3n por Novillo y cuando cruza la Av. Mitre [&hellip;]<\/p>\n","protected":false},"author":4,"featured_media":27202,"comment_status":"open","ping_status":"closed","sticky":false,"template":"","format":"standard","meta":{"om_disable_all_campaigns":false,"_jetpack_memberships_contains_paid_content":false,"footnotes":""},"categories":[2,103],"tags":[],"class_list":["post-44097","post","type-post","status-publish","format-standard","has-post-thumbnail","hentry","category-locales","category-policiales-locales"],"aioseo_notices":[],"gutentor_comment":0,"jetpack_featured_media_url":"https:\/\/eldiariodesanpedro.com.ar\/sitio\/wp-content\/uploads\/2017\/12\/ambulancia-same-provincia.jpg","jetpack_shortlink":"https:\/\/wp.me\/p6RhLt-btf","jetpack_sharing_enabled":true,"_links":{"self":[{"href":"https:\/\/eldiariodesanpedro.com.ar\/sitio\/wp-json\/wp\/v2\/posts\/44097","targetHints":{"allow":["GET"]}}],"collection":[{"href":"https:\/\/eldiariodesanpedro.com.ar\/sitio\/wp-json\/wp\/v2\/posts"}],"about":[{"href":"https:\/\/eldiariodesanpedro.com.ar\/sitio\/wp-json\/wp\/v2\/types\/post"}],"author":[{"embeddable":true,"href":"https:\/\/eldiariodesanpedro.com.ar\/sitio\/wp-json\/wp\/v2\/users\/4"}],"replies":[{"embeddable":true,"href":"https:\/\/eldiariodesanpedro.com.ar\/sitio\/wp-json\/wp\/v2\/comments?post=44097"}],"version-history":[{"count":1,"href":"https:\/\/eldiariodesanpedro.com.ar\/sitio\/wp-json\/wp\/v2\/posts\/44097\/revisions"}],"predecessor-version":[{"id":44098,"href":"https:\/\/eldiariodesanpedro.com.ar\/sitio\/wp-json\/wp\/v2\/posts\/44097\/revisions\/44098"}],"wp:featuredmedia":[{"embeddable":true,"href":"https:\/\/eldiariodesanpedro.com.ar\/sitio\/wp-json\/wp\/v2\/media\/27202"}],"wp:attachment":[{"href":"https:\/\/eldiariodesanpedro.com.ar\/sitio\/wp-json\/wp\/v2\/media?parent=44097"}],"wp:term":[{"taxonomy":"category","embeddable":true,"href":"https:\/\/eldiariodesanpedro.com.ar\/sitio\/wp-json\/wp\/v2\/categories?post=44097"},{"taxonomy":"post_tag","embeddable":true,"href":"https:\/\/eldiariodesanpedro.com.ar\/sitio\/wp-json\/wp\/v2\/tags?post=44097"}],"curies":[{"name":"wp","href":"https:\/\/api.w.org\/{rel}","templated":true}]}}