{"id":44095,"date":"2018-11-24T11:24:32","date_gmt":"2018-11-24T14:24:32","guid":{"rendered":"https:\/\/eldiariodesanpedro.com.ar\/sitio\/?p=44095"},"modified":"2018-11-24T11:24:32","modified_gmt":"2018-11-24T14:24:32","slug":"policiales-aprehendidos-por-pedido-de-captura-activa-y-tenencia-de-estupefacientes","status":"publish","type":"post","link":"https:\/\/eldiariodesanpedro.com.ar\/sitio\/policiales-aprehendidos-por-pedido-de-captura-activa-y-tenencia-de-estupefacientes\/","title":{"rendered":"POLICIALES: Aprehendidos por pedido de captura activa y tenencia de estupefacientes"},"content":{"rendered":"<p><!-- VideographyWP Plugin Message: Automatic video embedding prevented by plugin options. --><br \/>\nEn el marco de operativo de interceptaci\u00f3n de veh\u00edculos e identificaci\u00f3n de personas de manera din\u00e1mica, se realizaron tres aprehensiones por  paradero activo y tenencia de estupefacientes.<\/p>\n<p>En la localidad vecina de Santa Lucia, sobre  calle o Farrel y Dr. Doyle, se procedi\u00f3 a la aprehensi\u00f3n de un hombre de 33 quien entre sus prendas portaba bagullos de marihuana, tambi\u00e9n en intersecci\u00f3n de Ayacucho y Doyle se aprendi\u00f3 a un adolescente de 17 con frondosos antecedentes contra la propiedad de las personas, que tenia pedido de captura activa por el delito de hurto del corriente a\u00f1o,a requerimiento de la Justicia ordinaria de San Nicolas.<\/p>\n<p>En calle Pellegrini y Arnaldo de nuestra ciudad, se procedi\u00f3 a la aprehensi\u00f3n de un sujeto de 25, quien registraba  pedido de captura activo reciente por el delito de hurto, intervenci\u00f3n Juzgado Correccional N\u00b0 3 San Nicol\u00e1s. <\/p>\n<p>En los tres casos se cumplieron recaudos legales, habiendo permanecido alojado en sede policial y posterior libertad.<\/p>\n","protected":false},"excerpt":{"rendered":"<p>En el marco de operativo de interceptaci\u00f3n de veh\u00edculos e identificaci\u00f3n de personas de manera din\u00e1mica, se realizaron tres aprehensiones por paradero activo y tenencia de estupefacientes. En la localidad vecina de Santa Lucia, sobre calle o Farrel y Dr. Doyle, se procedi\u00f3 a la aprehensi\u00f3n de un hombre de 33 quien entre sus prendas [&hellip;]<\/p>\n","protected":false},"author":4,"featured_media":32908,"comment_status":"open","ping_status":"closed","sticky":false,"template":"","format":"standard","meta":{"om_disable_all_campaigns":false,"_jetpack_memberships_contains_paid_content":false,"footnotes":""},"categories":[2,103],"tags":[],"class_list":["post-44095","post","type-post","status-publish","format-standard","has-post-thumbnail","hentry","category-locales","category-policiales-locales"],"aioseo_notices":[],"gutentor_comment":0,"jetpack_featured_media_url":"https:\/\/eldiariodesanpedro.com.ar\/sitio\/wp-content\/uploads\/2018\/05\/patrullero-nuevo_3.jpg","jetpack_shortlink":"https:\/\/wp.me\/p6RhLt-btd","jetpack_sharing_enabled":true,"_links":{"self":[{"href":"https:\/\/eldiariodesanpedro.com.ar\/sitio\/wp-json\/wp\/v2\/posts\/44095","targetHints":{"allow":["GET"]}}],"collection":[{"href":"https:\/\/eldiariodesanpedro.com.ar\/sitio\/wp-json\/wp\/v2\/posts"}],"about":[{"href":"https:\/\/eldiariodesanpedro.com.ar\/sitio\/wp-json\/wp\/v2\/types\/post"}],"author":[{"embeddable":true,"href":"https:\/\/eldiariodesanpedro.com.ar\/sitio\/wp-json\/wp\/v2\/users\/4"}],"replies":[{"embeddable":true,"href":"https:\/\/eldiariodesanpedro.com.ar\/sitio\/wp-json\/wp\/v2\/comments?post=44095"}],"version-history":[{"count":1,"href":"https:\/\/eldiariodesanpedro.com.ar\/sitio\/wp-json\/wp\/v2\/posts\/44095\/revisions"}],"predecessor-version":[{"id":44096,"href":"https:\/\/eldiariodesanpedro.com.ar\/sitio\/wp-json\/wp\/v2\/posts\/44095\/revisions\/44096"}],"wp:featuredmedia":[{"embeddable":true,"href":"https:\/\/eldiariodesanpedro.com.ar\/sitio\/wp-json\/wp\/v2\/media\/32908"}],"wp:attachment":[{"href":"https:\/\/eldiariodesanpedro.com.ar\/sitio\/wp-json\/wp\/v2\/media?parent=44095"}],"wp:term":[{"taxonomy":"category","embeddable":true,"href":"https:\/\/eldiariodesanpedro.com.ar\/sitio\/wp-json\/wp\/v2\/categories?post=44095"},{"taxonomy":"post_tag","embeddable":true,"href":"https:\/\/eldiariodesanpedro.com.ar\/sitio\/wp-json\/wp\/v2\/tags?post=44095"}],"curies":[{"name":"wp","href":"https:\/\/api.w.org\/{rel}","templated":true}]}}