{"id":44093,"date":"2018-11-24T10:50:46","date_gmt":"2018-11-24T13:50:46","guid":{"rendered":"https:\/\/eldiariodesanpedro.com.ar\/sitio\/?p=44093"},"modified":"2018-11-24T10:50:46","modified_gmt":"2018-11-24T13:50:46","slug":"dos-delincuentes-peligrosos-de-14-y-15-anos-son-aprehendidos-por-la-policia-y-entregado-a-sus-padres-por-orden-del-juez-de-menores","status":"publish","type":"post","link":"https:\/\/eldiariodesanpedro.com.ar\/sitio\/dos-delincuentes-peligrosos-de-14-y-15-anos-son-aprehendidos-por-la-policia-y-entregado-a-sus-padres-por-orden-del-juez-de-menores\/","title":{"rendered":"Dos delincuentes peligrosos de 14 y 15 a\u00f1os son aprehendidos por la polic\u00eda y entregado a sus padres por orden del juez de menores"},"content":{"rendered":"<p><!-- VideographyWP Plugin Message: Automatic video embedding prevented by plugin options. --><br \/>\nUno de los adolescentes fue reconocido por una de las victimas que en la madrugada del viernes irrumpieron en su vivienda y sorprendieron a mano armada a la familia mientras dorm\u00edan. Eran intensamente buscados hasta que los aprehendieron luego de cometer otro hecho. Los delincuentes contin\u00faan su proceso judicial pero fueron restituidos a sus progenitores.<\/p>\n<p>En la tarde del viernes, tras intenso operativo de b\u00fasqueda, personal policial es alertada por otro hecho delictivo que estaba ocurriendo sobre calle Miguel Porta; dos menores de 13 y 14 hab\u00edan sido asaltados por otros dos adolescentes, a quienes los agredieron con un arma blanca casera, arroj\u00e1ndole puntazos y piedra con gomera, sin lograr cometido.<\/p>\n<p>Tras r\u00e1pido proceder en Miguel Porta y Nieto de Torres, se aprehende en fuga a los dos delincuentes reincidentes de 14 y 15, autores del hecho cometido a los menores que resultan ser hermanos, a pocas cuadras del lugar.<\/p>\n<p>Como consecuencia del hecho, los hermanos agredidos presentaban lesiones leves por ser alcanzado por la piedra arrojada en la zona del rostro.<\/p>\n<p>A los delincuentes se les secuestro la bicicleta en que fugaban, la cual fue sustra\u00edda en las primeras horas del viernes en un domicilio de barrio Los Aromitos, a espera de ser reconocida. <\/p>\n<p>Al mismo tiempo la Polic\u00eda allano con orden judicial el domicilio del menor imputado de 14, ya que era investigado por otro hecho ocurrido en la madrugada, en un domicilio de calle Las Provincias, donde junto a otro compa\u00f1ero, sorprendieron a una familia mientras dorm\u00edan quienes acusaron al mas chico de haberlos amenazado con un arma de fuego.<\/p>\n<p>Los delincuentes se llevaron pr\u00e1cticamente toda la ropa del ni\u00f1o de 10 a\u00f1os, su mochila del colegio y hasta las bolitas con las que jugaba, un celular, dos play station con juegos, una planchita para el cabello, la secadora y dinero en efectivo.<\/p>\n<p>En el domicilio que se produjo la diligencia solo se logro el secuestro de una una prenda de vestir, que ser objeto oportuno de reconocimiento, sin lograr el secuestro de otros efectos buscados.<\/p>\n<p>Este ultimo hecho continua en tramite a espera de nuevas resultancias judiciales. Los aprehendidos fueron entregados a sus padres continuando su proceso judicial, con intervenci\u00f3n de la fiscal\u00eda juvenil de San Nicolas.  <\/p>\n","protected":false},"excerpt":{"rendered":"<p>Uno de los adolescentes fue reconocido por una de las victimas que en la madrugada del viernes irrumpieron en su vivienda y sorprendieron a mano armada a la familia mientras dorm\u00edan. Eran intensamente buscados hasta que los aprehendieron luego de cometer otro hecho. Los delincuentes contin\u00faan su proceso judicial pero fueron restituidos a sus progenitores. [&hellip;]<\/p>\n","protected":false},"author":4,"featured_media":39230,"comment_status":"open","ping_status":"closed","sticky":false,"template":"","format":"standard","meta":{"om_disable_all_campaigns":false,"_jetpack_memberships_contains_paid_content":false,"footnotes":""},"categories":[50,2,103],"tags":[],"class_list":["post-44093","post","type-post","status-publish","format-standard","has-post-thumbnail","hentry","category-destacadas","category-locales","category-policiales-locales"],"aioseo_notices":[],"gutentor_comment":0,"jetpack_featured_media_url":"https:\/\/eldiariodesanpedro.com.ar\/sitio\/wp-content\/uploads\/2018\/08\/patrullero-policia_3.jpg","jetpack_shortlink":"https:\/\/wp.me\/p6RhLt-btb","jetpack_sharing_enabled":true,"_links":{"self":[{"href":"https:\/\/eldiariodesanpedro.com.ar\/sitio\/wp-json\/wp\/v2\/posts\/44093","targetHints":{"allow":["GET"]}}],"collection":[{"href":"https:\/\/eldiariodesanpedro.com.ar\/sitio\/wp-json\/wp\/v2\/posts"}],"about":[{"href":"https:\/\/eldiariodesanpedro.com.ar\/sitio\/wp-json\/wp\/v2\/types\/post"}],"author":[{"embeddable":true,"href":"https:\/\/eldiariodesanpedro.com.ar\/sitio\/wp-json\/wp\/v2\/users\/4"}],"replies":[{"embeddable":true,"href":"https:\/\/eldiariodesanpedro.com.ar\/sitio\/wp-json\/wp\/v2\/comments?post=44093"}],"version-history":[{"count":1,"href":"https:\/\/eldiariodesanpedro.com.ar\/sitio\/wp-json\/wp\/v2\/posts\/44093\/revisions"}],"predecessor-version":[{"id":44094,"href":"https:\/\/eldiariodesanpedro.com.ar\/sitio\/wp-json\/wp\/v2\/posts\/44093\/revisions\/44094"}],"wp:featuredmedia":[{"embeddable":true,"href":"https:\/\/eldiariodesanpedro.com.ar\/sitio\/wp-json\/wp\/v2\/media\/39230"}],"wp:attachment":[{"href":"https:\/\/eldiariodesanpedro.com.ar\/sitio\/wp-json\/wp\/v2\/media?parent=44093"}],"wp:term":[{"taxonomy":"category","embeddable":true,"href":"https:\/\/eldiariodesanpedro.com.ar\/sitio\/wp-json\/wp\/v2\/categories?post=44093"},{"taxonomy":"post_tag","embeddable":true,"href":"https:\/\/eldiariodesanpedro.com.ar\/sitio\/wp-json\/wp\/v2\/tags?post=44093"}],"curies":[{"name":"wp","href":"https:\/\/api.w.org\/{rel}","templated":true}]}}