{"id":44078,"date":"2018-11-23T20:39:11","date_gmt":"2018-11-23T23:39:11","guid":{"rendered":"https:\/\/eldiariodesanpedro.com.ar\/sitio\/?p=44078"},"modified":"2018-11-23T20:39:11","modified_gmt":"2018-11-23T23:39:11","slug":"arrecifes-detenido-por-abusar-sexualmente-de-sus-dos-hijas-menores-de-edad","status":"publish","type":"post","link":"https:\/\/eldiariodesanpedro.com.ar\/sitio\/arrecifes-detenido-por-abusar-sexualmente-de-sus-dos-hijas-menores-de-edad\/","title":{"rendered":"ARRECIFES: Detenido por abusar sexualmente de sus dos hijas menores de edad"},"content":{"rendered":"<p><!-- VideographyWP Plugin Message: Automatic video embedding prevented by plugin options. --><br \/>\nEl detenido permanece alojado a disposici\u00f3n de la Fiscal\u00eda de Garant\u00edas. El detenido abusaba sexualmente de sus dos hijas menores de edad.<br \/>\nA trav\u00e9s de un comunicado de la Secretar\u00eda de Seguridad de la Municipalidad de Arrecifes, inform\u00f3: \u00abEn fecha 22 de noviembre a las 16:30 horas, el grupo operativo de la Sub-DDI Arrecifes, procede a la detenci\u00f3n en la v\u00eda p\u00fablica de individuo mayor de edad con domicilio en esta ciudad, por el delito de \u201cAbuso Sexual Gravemente Ultrajante Agravado\u201d por el v\u00ednculo y Reiterado en Concurso Real.<br \/>\nEl detenido abusaba sexualmente de sus dos hijas menores de edad.<br \/>\nInterviene UFI 10, Agente Fiscal, Dra. Bicetti. Juzgado de Gt\u00edas. 3, Dpto. Judicial San Nicol\u00e1s.<br \/>\nEl detenido permanece alojado a disposici\u00f3n de la Fiscal\u00eda de Garant\u00edas actuante\u00bb.<\/p>\n<p>Fuente: Arrecifes Noticias<\/p>\n","protected":false},"excerpt":{"rendered":"<p>El detenido permanece alojado a disposici\u00f3n de la Fiscal\u00eda de Garant\u00edas. El detenido abusaba sexualmente de sus dos hijas menores de edad. A trav\u00e9s de un comunicado de la Secretar\u00eda de Seguridad de la Municipalidad de Arrecifes, inform\u00f3: \u00abEn fecha 22 de noviembre a las 16:30 horas, el grupo operativo de la Sub-DDI Arrecifes, procede [&hellip;]<\/p>\n","protected":false},"author":4,"featured_media":44080,"comment_status":"open","ping_status":"closed","sticky":false,"template":"","format":"standard","meta":{"om_disable_all_campaigns":false,"_jetpack_memberships_contains_paid_content":false,"footnotes":""},"categories":[621],"tags":[],"class_list":["post-44078","post","type-post","status-publish","format-standard","has-post-thumbnail","hentry","category-regionales"],"aioseo_notices":[],"gutentor_comment":0,"jetpack_featured_media_url":"https:\/\/eldiariodesanpedro.com.ar\/sitio\/wp-content\/uploads\/2018\/11\/PAGINA-7-8.jpg","jetpack_shortlink":"https:\/\/wp.me\/p6RhLt-bsW","jetpack_sharing_enabled":true,"_links":{"self":[{"href":"https:\/\/eldiariodesanpedro.com.ar\/sitio\/wp-json\/wp\/v2\/posts\/44078","targetHints":{"allow":["GET"]}}],"collection":[{"href":"https:\/\/eldiariodesanpedro.com.ar\/sitio\/wp-json\/wp\/v2\/posts"}],"about":[{"href":"https:\/\/eldiariodesanpedro.com.ar\/sitio\/wp-json\/wp\/v2\/types\/post"}],"author":[{"embeddable":true,"href":"https:\/\/eldiariodesanpedro.com.ar\/sitio\/wp-json\/wp\/v2\/users\/4"}],"replies":[{"embeddable":true,"href":"https:\/\/eldiariodesanpedro.com.ar\/sitio\/wp-json\/wp\/v2\/comments?post=44078"}],"version-history":[{"count":1,"href":"https:\/\/eldiariodesanpedro.com.ar\/sitio\/wp-json\/wp\/v2\/posts\/44078\/revisions"}],"predecessor-version":[{"id":44082,"href":"https:\/\/eldiariodesanpedro.com.ar\/sitio\/wp-json\/wp\/v2\/posts\/44078\/revisions\/44082"}],"wp:featuredmedia":[{"embeddable":true,"href":"https:\/\/eldiariodesanpedro.com.ar\/sitio\/wp-json\/wp\/v2\/media\/44080"}],"wp:attachment":[{"href":"https:\/\/eldiariodesanpedro.com.ar\/sitio\/wp-json\/wp\/v2\/media?parent=44078"}],"wp:term":[{"taxonomy":"category","embeddable":true,"href":"https:\/\/eldiariodesanpedro.com.ar\/sitio\/wp-json\/wp\/v2\/categories?post=44078"},{"taxonomy":"post_tag","embeddable":true,"href":"https:\/\/eldiariodesanpedro.com.ar\/sitio\/wp-json\/wp\/v2\/tags?post=44078"}],"curies":[{"name":"wp","href":"https:\/\/api.w.org\/{rel}","templated":true}]}}