{"id":44071,"date":"2018-11-23T20:34:58","date_gmt":"2018-11-23T23:34:58","guid":{"rendered":"https:\/\/eldiariodesanpedro.com.ar\/sitio\/?p=44071"},"modified":"2018-11-23T20:34:58","modified_gmt":"2018-11-23T23:34:58","slug":"baradero-se-realizo-una-nueva-edicion-de-la-campana-de-reciclaje","status":"publish","type":"post","link":"https:\/\/eldiariodesanpedro.com.ar\/sitio\/baradero-se-realizo-una-nueva-edicion-de-la-campana-de-reciclaje\/","title":{"rendered":"BARADERO: Se realiz\u00f3 una nueva edici\u00f3n de la campa\u00f1a de reciclaje"},"content":{"rendered":"<p><!-- VideographyWP Plugin Message: Automatic video embedding prevented by plugin options. --><br \/>\nSe llev\u00f3 a cabo en la ma\u00f1ana del mi\u00e9rcoles en la Plaza Mitre. Se trata de la 12\u00b0 campa\u00f1a de recolecci\u00f3n de residuos electr\u00f3nicos, tapitas y papel para la fundaci\u00f3n Garrahan.<br \/>\nCon el aporte de empresas locales la municipalidad contin\u00faa adelante con estas campa\u00f1as de cuidados del medio ambiente.<br \/>\nDesde el \u00e1rea de Medio Ambiente se inform\u00f3 que \u201cla empresa SILKER, ubicada en el parque industrial de Bernal, se encargar\u00e1 de los elementos de reciclado electr\u00f3nico\u201d. Mientras que la Fundaci\u00f3n Garrahan har\u00e1 lo propio con las tapitas y el papel.<\/p>\n<p>Fuente: Tu Linea Directa<\/p>\n","protected":false},"excerpt":{"rendered":"<p>Se llev\u00f3 a cabo en la ma\u00f1ana del mi\u00e9rcoles en la Plaza Mitre. Se trata de la 12\u00b0 campa\u00f1a de recolecci\u00f3n de residuos electr\u00f3nicos, tapitas y papel para la fundaci\u00f3n Garrahan. Con el aporte de empresas locales la municipalidad contin\u00faa adelante con estas campa\u00f1as de cuidados del medio ambiente. Desde el \u00e1rea de Medio Ambiente [&hellip;]<\/p>\n","protected":false},"author":4,"featured_media":14775,"comment_status":"open","ping_status":"closed","sticky":false,"template":"","format":"standard","meta":{"om_disable_all_campaigns":false,"_jetpack_memberships_contains_paid_content":false,"footnotes":""},"categories":[621],"tags":[],"class_list":["post-44071","post","type-post","status-publish","format-standard","has-post-thumbnail","hentry","category-regionales"],"aioseo_notices":[],"gutentor_comment":0,"jetpack_featured_media_url":"https:\/\/eldiariodesanpedro.com.ar\/sitio\/wp-content\/uploads\/2017\/02\/reciclaje.jpg","jetpack_shortlink":"https:\/\/wp.me\/p6RhLt-bsP","jetpack_sharing_enabled":true,"_links":{"self":[{"href":"https:\/\/eldiariodesanpedro.com.ar\/sitio\/wp-json\/wp\/v2\/posts\/44071","targetHints":{"allow":["GET"]}}],"collection":[{"href":"https:\/\/eldiariodesanpedro.com.ar\/sitio\/wp-json\/wp\/v2\/posts"}],"about":[{"href":"https:\/\/eldiariodesanpedro.com.ar\/sitio\/wp-json\/wp\/v2\/types\/post"}],"author":[{"embeddable":true,"href":"https:\/\/eldiariodesanpedro.com.ar\/sitio\/wp-json\/wp\/v2\/users\/4"}],"replies":[{"embeddable":true,"href":"https:\/\/eldiariodesanpedro.com.ar\/sitio\/wp-json\/wp\/v2\/comments?post=44071"}],"version-history":[{"count":1,"href":"https:\/\/eldiariodesanpedro.com.ar\/sitio\/wp-json\/wp\/v2\/posts\/44071\/revisions"}],"predecessor-version":[{"id":44073,"href":"https:\/\/eldiariodesanpedro.com.ar\/sitio\/wp-json\/wp\/v2\/posts\/44071\/revisions\/44073"}],"wp:featuredmedia":[{"embeddable":true,"href":"https:\/\/eldiariodesanpedro.com.ar\/sitio\/wp-json\/wp\/v2\/media\/14775"}],"wp:attachment":[{"href":"https:\/\/eldiariodesanpedro.com.ar\/sitio\/wp-json\/wp\/v2\/media?parent=44071"}],"wp:term":[{"taxonomy":"category","embeddable":true,"href":"https:\/\/eldiariodesanpedro.com.ar\/sitio\/wp-json\/wp\/v2\/categories?post=44071"},{"taxonomy":"post_tag","embeddable":true,"href":"https:\/\/eldiariodesanpedro.com.ar\/sitio\/wp-json\/wp\/v2\/tags?post=44071"}],"curies":[{"name":"wp","href":"https:\/\/api.w.org\/{rel}","templated":true}]}}