{"id":44066,"date":"2018-11-23T20:32:40","date_gmt":"2018-11-23T23:32:40","guid":{"rendered":"https:\/\/eldiariodesanpedro.com.ar\/sitio\/?p=44066"},"modified":"2018-11-23T20:32:40","modified_gmt":"2018-11-23T23:32:40","slug":"escobar-se-desarrollara-la-feria-gastronomica-sabores-del-mundo","status":"publish","type":"post","link":"https:\/\/eldiariodesanpedro.com.ar\/sitio\/escobar-se-desarrollara-la-feria-gastronomica-sabores-del-mundo\/","title":{"rendered":"ESCOBAR: Se desarrollar\u00e1 la feria gastron\u00f3mica \u201cSabores del mundo\u201d"},"content":{"rendered":"<p><!-- VideographyWP Plugin Message: Automatic video embedding prevented by plugin options. --><br \/>\nAuspiciada por la Municipalidad de Escobar por segundo a\u00f1o consecutivo, se realizar\u00e1 en el distrito la feria \u201cSabores del Mundo\u201d, una exposici\u00f3n gastron\u00f3mica con entrada libre y gratuita que se llevar\u00e1 a cabo entre el viernes 23 y el domingo 25, en el polideportivo municipal Luis Monti (Av. Tapia de Cruz 1280), en Bel\u00e9n de Escobar.<\/p>\n<p>Durante los tres d\u00edas, entre las 10.30 y 23.30 horas, los visitantes podr\u00e1n recorrer los 40 puestos de comidas t\u00edpicas de diferentes pa\u00edses y provincias que ser\u00e1n gestionados por emprendedores, as\u00ed como adquirir alimentos, conservas, quesos, fiambres y bebidas de primera calidad y a precios muy accesibles. Adem\u00e1s, el s\u00e1bado a las 19 horas, estar\u00e1 presente la cocinera Jimena Monteverde, quien elaborar\u00e1 algunos de sus deliciosos platos.<br \/>\nPor otro lado, la feria contar\u00e1 con una amplia grilla musical a cargo de m\u00e1s de 15 artistas, y tambi\u00e9n, como parte de las atracciones, habr\u00e1 un paseo con m\u00e1s de 100 artesanos, actividades recreativas, shows para toda la familia y una kermesse con juegos infantiles.<\/p>\n<p>Fuente: escobarnews<\/p>\n","protected":false},"excerpt":{"rendered":"<p>Auspiciada por la Municipalidad de Escobar por segundo a\u00f1o consecutivo, se realizar\u00e1 en el distrito la feria \u201cSabores del Mundo\u201d, una exposici\u00f3n gastron\u00f3mica con entrada libre y gratuita que se llevar\u00e1 a cabo entre el viernes 23 y el domingo 25, en el polideportivo municipal Luis Monti (Av. Tapia de Cruz 1280), en Bel\u00e9n de [&hellip;]<\/p>\n","protected":false},"author":4,"featured_media":44068,"comment_status":"open","ping_status":"closed","sticky":false,"template":"","format":"standard","meta":{"om_disable_all_campaigns":false,"_jetpack_memberships_contains_paid_content":false,"footnotes":""},"categories":[621],"tags":[],"class_list":["post-44066","post","type-post","status-publish","format-standard","has-post-thumbnail","hentry","category-regionales"],"aioseo_notices":[],"gutentor_comment":0,"jetpack_featured_media_url":"https:\/\/eldiariodesanpedro.com.ar\/sitio\/wp-content\/uploads\/2018\/11\/sabores-del-mundo.jpg","jetpack_shortlink":"https:\/\/wp.me\/p6RhLt-bsK","jetpack_sharing_enabled":true,"_links":{"self":[{"href":"https:\/\/eldiariodesanpedro.com.ar\/sitio\/wp-json\/wp\/v2\/posts\/44066","targetHints":{"allow":["GET"]}}],"collection":[{"href":"https:\/\/eldiariodesanpedro.com.ar\/sitio\/wp-json\/wp\/v2\/posts"}],"about":[{"href":"https:\/\/eldiariodesanpedro.com.ar\/sitio\/wp-json\/wp\/v2\/types\/post"}],"author":[{"embeddable":true,"href":"https:\/\/eldiariodesanpedro.com.ar\/sitio\/wp-json\/wp\/v2\/users\/4"}],"replies":[{"embeddable":true,"href":"https:\/\/eldiariodesanpedro.com.ar\/sitio\/wp-json\/wp\/v2\/comments?post=44066"}],"version-history":[{"count":1,"href":"https:\/\/eldiariodesanpedro.com.ar\/sitio\/wp-json\/wp\/v2\/posts\/44066\/revisions"}],"predecessor-version":[{"id":44070,"href":"https:\/\/eldiariodesanpedro.com.ar\/sitio\/wp-json\/wp\/v2\/posts\/44066\/revisions\/44070"}],"wp:featuredmedia":[{"embeddable":true,"href":"https:\/\/eldiariodesanpedro.com.ar\/sitio\/wp-json\/wp\/v2\/media\/44068"}],"wp:attachment":[{"href":"https:\/\/eldiariodesanpedro.com.ar\/sitio\/wp-json\/wp\/v2\/media?parent=44066"}],"wp:term":[{"taxonomy":"category","embeddable":true,"href":"https:\/\/eldiariodesanpedro.com.ar\/sitio\/wp-json\/wp\/v2\/categories?post=44066"},{"taxonomy":"post_tag","embeddable":true,"href":"https:\/\/eldiariodesanpedro.com.ar\/sitio\/wp-json\/wp\/v2\/tags?post=44066"}],"curies":[{"name":"wp","href":"https:\/\/api.w.org\/{rel}","templated":true}]}}