{"id":44065,"date":"2018-11-23T20:32:20","date_gmt":"2018-11-23T23:32:20","guid":{"rendered":"https:\/\/eldiariodesanpedro.com.ar\/sitio\/?p=44065"},"modified":"2018-11-23T20:32:20","modified_gmt":"2018-11-23T23:32:20","slug":"san-antonio-de-areco-fatal-accidente-en-ruta-41","status":"publish","type":"post","link":"https:\/\/eldiariodesanpedro.com.ar\/sitio\/san-antonio-de-areco-fatal-accidente-en-ruta-41\/","title":{"rendered":"SAN ANTONIO DE ARECO: Fatal accidente en Ruta 41"},"content":{"rendered":"<p><!-- VideographyWP Plugin Message: Automatic video embedding prevented by plugin options. --><br \/>\nEn la ma\u00f1ana del viernes se produjo un terrible accidente en la Ruta Provincial 41, pasando la estancia El Te\u00b4s en el km 263, dejando como saldo una persona fallecida.<\/p>\n<p>El choque ocurri\u00f3 entre un cami\u00f3n y una camioneta Renault Duster verde oscura, conducida por Daniel Martinich de Carmen de Areco. Esta persona, lamentablemente y por el terrible impacto, perdi\u00f3 la vida.<br \/>\nEl cami\u00f3n manejado por Sergio Cincini de Gral. La Madrid, qued\u00f3 en la banquina, mano hacia San Andr\u00e9s de Giles y habr\u00eda hecho una especie de tijera. La camioneta qued\u00f3 totalmente destru\u00edda. La Ruta estuvo cortada, pero luego se liber\u00f3 para que comience a funcionar con normalidad.<\/p>\n<p>Fuente: Bosco Producciones<\/p>\n","protected":false},"excerpt":{"rendered":"<p>En la ma\u00f1ana del viernes se produjo un terrible accidente en la Ruta Provincial 41, pasando la estancia El Te\u00b4s en el km 263, dejando como saldo una persona fallecida. El choque ocurri\u00f3 entre un cami\u00f3n y una camioneta Renault Duster verde oscura, conducida por Daniel Martinich de Carmen de Areco. Esta persona, lamentablemente y [&hellip;]<\/p>\n","protected":false},"author":4,"featured_media":44067,"comment_status":"open","ping_status":"closed","sticky":false,"template":"","format":"standard","meta":{"om_disable_all_campaigns":false,"_jetpack_memberships_contains_paid_content":false,"footnotes":""},"categories":[621],"tags":[],"class_list":["post-44065","post","type-post","status-publish","format-standard","has-post-thumbnail","hentry","category-regionales"],"aioseo_notices":[],"gutentor_comment":0,"jetpack_featured_media_url":"https:\/\/eldiariodesanpedro.com.ar\/sitio\/wp-content\/uploads\/2018\/11\/PAGINA-6-10.jpg","jetpack_shortlink":"https:\/\/wp.me\/p6RhLt-bsJ","jetpack_sharing_enabled":true,"_links":{"self":[{"href":"https:\/\/eldiariodesanpedro.com.ar\/sitio\/wp-json\/wp\/v2\/posts\/44065","targetHints":{"allow":["GET"]}}],"collection":[{"href":"https:\/\/eldiariodesanpedro.com.ar\/sitio\/wp-json\/wp\/v2\/posts"}],"about":[{"href":"https:\/\/eldiariodesanpedro.com.ar\/sitio\/wp-json\/wp\/v2\/types\/post"}],"author":[{"embeddable":true,"href":"https:\/\/eldiariodesanpedro.com.ar\/sitio\/wp-json\/wp\/v2\/users\/4"}],"replies":[{"embeddable":true,"href":"https:\/\/eldiariodesanpedro.com.ar\/sitio\/wp-json\/wp\/v2\/comments?post=44065"}],"version-history":[{"count":1,"href":"https:\/\/eldiariodesanpedro.com.ar\/sitio\/wp-json\/wp\/v2\/posts\/44065\/revisions"}],"predecessor-version":[{"id":44069,"href":"https:\/\/eldiariodesanpedro.com.ar\/sitio\/wp-json\/wp\/v2\/posts\/44065\/revisions\/44069"}],"wp:featuredmedia":[{"embeddable":true,"href":"https:\/\/eldiariodesanpedro.com.ar\/sitio\/wp-json\/wp\/v2\/media\/44067"}],"wp:attachment":[{"href":"https:\/\/eldiariodesanpedro.com.ar\/sitio\/wp-json\/wp\/v2\/media?parent=44065"}],"wp:term":[{"taxonomy":"category","embeddable":true,"href":"https:\/\/eldiariodesanpedro.com.ar\/sitio\/wp-json\/wp\/v2\/categories?post=44065"},{"taxonomy":"post_tag","embeddable":true,"href":"https:\/\/eldiariodesanpedro.com.ar\/sitio\/wp-json\/wp\/v2\/tags?post=44065"}],"curies":[{"name":"wp","href":"https:\/\/api.w.org\/{rel}","templated":true}]}}