{"id":44053,"date":"2018-11-23T17:23:37","date_gmt":"2018-11-23T20:23:37","guid":{"rendered":"https:\/\/eldiariodesanpedro.com.ar\/sitio\/?p=44053"},"modified":"2018-11-23T17:56:19","modified_gmt":"2018-11-23T20:56:19","slug":"hcd-pedido-de-informe-por-el-centro-cultural-que-todavia-no-fue","status":"publish","type":"post","link":"https:\/\/eldiariodesanpedro.com.ar\/sitio\/hcd-pedido-de-informe-por-el-centro-cultural-que-todavia-no-fue\/","title":{"rendered":"HCD: Pedido de Informe por \u00abEl Centro Cultural que todav\u00eda no fue\u00bb"},"content":{"rendered":"<p><!-- VideographyWP Plugin Message: Automatic video embedding prevented by plugin options. --><br \/>\nLa concejal Florencia S\u00e1nchez del bloque Frente para la Victoria \u2013 Partido Justicialista present\u00f3 un pedido de informe en el HCD para que el Ejecutivo de respuestas de porque hasta ahora nunca fue inaugurado el tan nombrado y esperado Centro Cultural, declarado ademas de inter\u00e9s Municipal. Ya se gast\u00f3 m\u00e1s de 357 mil pesos en alquiler desde febrero del 2016 hasta ahora.<\/p>\n<p>La Direcci\u00f3n de Cultura se inclin\u00f3 por un lugar estrat\u00e9gico para la instalaci\u00f3n del Centro Cultural Municipal. El ex cine Plaza, ubicado en pleno centro de la ciudad, sobre la calle 25 de Mayo, pero hasta en la actualidad, nada aun se a inaugurado. Un m\u00edtico lugar ubicado en pleno centro, ser\u00eda el espacio de reuniones y presentaciones relacionadas con el rubro.<\/p>\n<p>As\u00ed fue como el 28 de febrero de 2017 se firm\u00f3 un acuerdo entre el Intendente Cecilio Salazar y Pablo Quiroga, propietario del espacio en donde se construir\u00eda el Centro, pero la pol\u00e9mica no tard\u00f3 en llegar en ese momento porque Quiroga era prestador de servicios de la municipalidad de San Pedro para el \u00e1rea de prensa, fue muy cuestionada esta situaci\u00f3n desde la oposici\u00f3n, pasado ese periodo donde se comprob\u00f3 que era compatible legalmente todo qued\u00f3 acordado para que se realizar\u00e1n las tareas de inauguraci\u00f3n.<\/p>\n<p>El tiempo paso y desde esa fecha todav\u00eda no se ha podido inaugurar. En Agosto de 2017 la Directora de cultura anunciaba que se estaban terminando las \u00faltimas obras en el interior y que a finales de octubre se iba a inaugurar, pero no se cumpli\u00f3, sumado a esto, tambi\u00e9n el Jefe Comunal visitaba el lugar donde nuevamente anunciaba que se iba a inaugurar el 5 de diciembre de 2017, pero tampoco se cumpli\u00f3.<\/p>\n<p>Este jueves la concejal Florencia Sanchez, hace p\u00fablico este cuestionamiento presentando un pedido de informe en el HCD queriendo saber qu\u00e9 va a pasar con este Centro Cultural que hace 1 a\u00f1o y 9 meses est\u00e1 cerrado y se sigue pagando un alquiler todos los meses.<\/p>\n<p>Esta ma\u00f1ana la edil, en entrevista con este medio, nos contaba: \u201cpresentamos un proyecto de comunicaci\u00f3n o pedido de informe, para conocer alguna situaci\u00f3n regular o irregular que est\u00e1 sucediendo en nuestro municipio, en este caso nos referimos al lugar que est\u00e1 cerrado que tiene un contrato de locaci\u00f3n con un fin , como dice la cl\u00e1usula primera con un fin! que no se cumpli\u00f3\u201d.<\/p>\n<p>\u201cTenemos la preocupaci\u00f3n de los artistas locales, este lugar que ser\u00eda un Centro Cultural Municipal y que ya lleva cerrado un a\u00f1o y nueve meses, por lo tanto lo que queremos es conocer qu\u00e9 pas\u00f3, porque ese contrato todav\u00eda est\u00e1 vigente, que va a pasar porque el municipio ya lleva pagado m\u00e1s de 357 mil pesos en alquiler.<\/p>\n<p>\u201cAdem\u00e1s en los decretos que tuvimos la oportunidad de analizar del 2017, sobre todo el decreto 1060, el intendente Cecilio Salazar declaraba de inter\u00e9s municipal la inauguraci\u00f3n de ese Centro Cultural que se iba a llevar a cabo el 27, 28 y 29 de octubre y no sucedi\u00f3, por lo tanto hay un decreto que no se cumpli\u00f3\u201d.<\/p>\n<p>\u201cEste contrato est\u00e1 vigente hasta febrero de 2020, queremos saber si la municipalidad paga el contrato de alquiler, que actividades o no est\u00e1n funcionando en ese lugar, que servicios p\u00fablicos se contrataron luz, gas o alg\u00fan servicio adicional y si se va a abrir o no\u201d.<\/p>\n<p>Por otro lado, entrevistamos a la Directora de Cultura, Maria Jos\u00e9 Mora, impulsora de este proyecto y que como primera respuesta contestaba el pedido de informe expresando: \u201cEste lugar va a funcionar como centro cultural, tuvo una primera etapa que est\u00e1 cumplida, la segunda etapa se trataron de buscar fondos desde la provincia pero no pudo ser y hoy por hoy est\u00e1 la voluntad pol\u00edtica y los fondos para poder terminarlo, hace unas semanas que estamos trabajando porque se reanudaron las tareas para lo que falta , iluminaci\u00f3n, pintar la fachada, plomeria, techo pero bueno estamos tratando de terminarlo\u201d<\/p>\n","protected":false},"excerpt":{"rendered":"<p>La concejal Florencia S\u00e1nchez del bloque Frente para la Victoria \u2013 Partido Justicialista present\u00f3 un pedido de informe en el HCD para que el Ejecutivo de respuestas de porque hasta ahora nunca fue inaugurado el tan nombrado y esperado Centro Cultural, declarado ademas de inter\u00e9s Municipal. Ya se gast\u00f3 m\u00e1s de 357 mil pesos en [&hellip;]<\/p>\n","protected":false},"author":4,"featured_media":44054,"comment_status":"open","ping_status":"closed","sticky":false,"template":"","format":"standard","meta":{"om_disable_all_campaigns":false,"_jetpack_memberships_contains_paid_content":false,"footnotes":""},"categories":[50,101,2],"tags":[],"class_list":["post-44053","post","type-post","status-publish","format-standard","has-post-thumbnail","hentry","category-destacadas","category-interes-general-locales","category-locales"],"aioseo_notices":[],"gutentor_comment":0,"jetpack_featured_media_url":"https:\/\/eldiariodesanpedro.com.ar\/sitio\/wp-content\/uploads\/2018\/11\/000053519.jpg","jetpack_shortlink":"https:\/\/wp.me\/p6RhLt-bsx","jetpack_sharing_enabled":true,"_links":{"self":[{"href":"https:\/\/eldiariodesanpedro.com.ar\/sitio\/wp-json\/wp\/v2\/posts\/44053","targetHints":{"allow":["GET"]}}],"collection":[{"href":"https:\/\/eldiariodesanpedro.com.ar\/sitio\/wp-json\/wp\/v2\/posts"}],"about":[{"href":"https:\/\/eldiariodesanpedro.com.ar\/sitio\/wp-json\/wp\/v2\/types\/post"}],"author":[{"embeddable":true,"href":"https:\/\/eldiariodesanpedro.com.ar\/sitio\/wp-json\/wp\/v2\/users\/4"}],"replies":[{"embeddable":true,"href":"https:\/\/eldiariodesanpedro.com.ar\/sitio\/wp-json\/wp\/v2\/comments?post=44053"}],"version-history":[{"count":2,"href":"https:\/\/eldiariodesanpedro.com.ar\/sitio\/wp-json\/wp\/v2\/posts\/44053\/revisions"}],"predecessor-version":[{"id":44056,"href":"https:\/\/eldiariodesanpedro.com.ar\/sitio\/wp-json\/wp\/v2\/posts\/44053\/revisions\/44056"}],"wp:featuredmedia":[{"embeddable":true,"href":"https:\/\/eldiariodesanpedro.com.ar\/sitio\/wp-json\/wp\/v2\/media\/44054"}],"wp:attachment":[{"href":"https:\/\/eldiariodesanpedro.com.ar\/sitio\/wp-json\/wp\/v2\/media?parent=44053"}],"wp:term":[{"taxonomy":"category","embeddable":true,"href":"https:\/\/eldiariodesanpedro.com.ar\/sitio\/wp-json\/wp\/v2\/categories?post=44053"},{"taxonomy":"post_tag","embeddable":true,"href":"https:\/\/eldiariodesanpedro.com.ar\/sitio\/wp-json\/wp\/v2\/tags?post=44053"}],"curies":[{"name":"wp","href":"https:\/\/api.w.org\/{rel}","templated":true}]}}