{"id":44046,"date":"2018-11-23T12:41:18","date_gmt":"2018-11-23T15:41:18","guid":{"rendered":"https:\/\/eldiariodesanpedro.com.ar\/sitio\/?p=44046"},"modified":"2018-11-23T12:41:18","modified_gmt":"2018-11-23T15:41:18","slug":"se-realizaron-dos-denuncias-en-la-comisaria-local-por-robos","status":"publish","type":"post","link":"https:\/\/eldiariodesanpedro.com.ar\/sitio\/se-realizaron-dos-denuncias-en-la-comisaria-local-por-robos\/","title":{"rendered":"Se realizaron dos denuncias en la comisar\u00eda local por robos"},"content":{"rendered":"<p><!-- VideographyWP Plugin Message: Automatic video embedding prevented by plugin options. --><br \/>\nEste jueves alrededor de las 21:30 hs, realizo una denuncia en la comisar\u00eda local una femenina de 50 a\u00f1os, que al salir a buscar su motocicleta Guerrero Trip 110 cc, cual encontr\u00e1ndose en v\u00eda p\u00fablica frente a su vivienda ubicada en calle Chivilcoy al 2000 constata que autores ignorados le sustrajeron el rodado sin generar violencia. se investiga el hecho con intervenci\u00f3n de la fiscal\u00eda en turno de San Pedro.<\/p>\n<p>Adem\u00e1s el mismo d\u00eda se recibi\u00f3 la denuncia de un masculino de 73 a\u00f1os, que en horas de la madrugada,  ignorados tras violentar vidrio de ventana de su vivienda, sito calle Saavedra al 700 de ciudad, le sustrae c\u00e1mara fotogr\u00e1fica Nikon.  Se investiga el hecho con intervenci\u00f3n de la fiscal\u00eda en turno.<\/p>\n","protected":false},"excerpt":{"rendered":"<p>Este jueves alrededor de las 21:30 hs, realizo una denuncia en la comisar\u00eda local una femenina de 50 a\u00f1os, que al salir a buscar su motocicleta Guerrero Trip 110 cc, cual encontr\u00e1ndose en v\u00eda p\u00fablica frente a su vivienda ubicada en calle Chivilcoy al 2000 constata que autores ignorados le sustrajeron el rodado sin generar [&hellip;]<\/p>\n","protected":false},"author":4,"featured_media":16989,"comment_status":"open","ping_status":"closed","sticky":false,"template":"","format":"standard","meta":{"om_disable_all_campaigns":false,"_jetpack_memberships_contains_paid_content":false,"footnotes":""},"categories":[2,103],"tags":[],"class_list":["post-44046","post","type-post","status-publish","format-standard","has-post-thumbnail","hentry","category-locales","category-policiales-locales"],"aioseo_notices":[],"gutentor_comment":0,"jetpack_featured_media_url":"https:\/\/eldiariodesanpedro.com.ar\/sitio\/wp-content\/uploads\/2017\/04\/DSC_0221-e1492514769862.jpg","jetpack_shortlink":"https:\/\/wp.me\/p6RhLt-bsq","jetpack_sharing_enabled":true,"_links":{"self":[{"href":"https:\/\/eldiariodesanpedro.com.ar\/sitio\/wp-json\/wp\/v2\/posts\/44046","targetHints":{"allow":["GET"]}}],"collection":[{"href":"https:\/\/eldiariodesanpedro.com.ar\/sitio\/wp-json\/wp\/v2\/posts"}],"about":[{"href":"https:\/\/eldiariodesanpedro.com.ar\/sitio\/wp-json\/wp\/v2\/types\/post"}],"author":[{"embeddable":true,"href":"https:\/\/eldiariodesanpedro.com.ar\/sitio\/wp-json\/wp\/v2\/users\/4"}],"replies":[{"embeddable":true,"href":"https:\/\/eldiariodesanpedro.com.ar\/sitio\/wp-json\/wp\/v2\/comments?post=44046"}],"version-history":[{"count":1,"href":"https:\/\/eldiariodesanpedro.com.ar\/sitio\/wp-json\/wp\/v2\/posts\/44046\/revisions"}],"predecessor-version":[{"id":44047,"href":"https:\/\/eldiariodesanpedro.com.ar\/sitio\/wp-json\/wp\/v2\/posts\/44046\/revisions\/44047"}],"wp:featuredmedia":[{"embeddable":true,"href":"https:\/\/eldiariodesanpedro.com.ar\/sitio\/wp-json\/wp\/v2\/media\/16989"}],"wp:attachment":[{"href":"https:\/\/eldiariodesanpedro.com.ar\/sitio\/wp-json\/wp\/v2\/media?parent=44046"}],"wp:term":[{"taxonomy":"category","embeddable":true,"href":"https:\/\/eldiariodesanpedro.com.ar\/sitio\/wp-json\/wp\/v2\/categories?post=44046"},{"taxonomy":"post_tag","embeddable":true,"href":"https:\/\/eldiariodesanpedro.com.ar\/sitio\/wp-json\/wp\/v2\/tags?post=44046"}],"curies":[{"name":"wp","href":"https:\/\/api.w.org\/{rel}","templated":true}]}}