{"id":44043,"date":"2018-11-23T12:37:29","date_gmt":"2018-11-23T15:37:29","guid":{"rendered":"https:\/\/eldiariodesanpedro.com.ar\/sitio\/?p=44043"},"modified":"2018-11-23T12:37:29","modified_gmt":"2018-11-23T15:37:29","slug":"amenaza-de-bomba-en-el-colegio-socorro","status":"publish","type":"post","link":"https:\/\/eldiariodesanpedro.com.ar\/sitio\/amenaza-de-bomba-en-el-colegio-socorro\/","title":{"rendered":"Amenaza de bomba en el colegio Socorro"},"content":{"rendered":"<p><!-- VideographyWP Plugin Message: Automatic video embedding prevented by plugin options. --><br \/>\nEste jueves a las 11:30 hs la polic\u00eda alertada telef\u00f3nicamente acude escuela a Nuestra Se\u00f1ora del Socorro ubicada en calle Mitre, por amenazas de Bomba. <\/p>\n<p>Se realiza junto a personal escolar evacuaci\u00f3n del edificio e inspecci\u00f3n ocular. Se solicit\u00f3 perito explosivo Bomberos Departamental quien realiz\u00f3 su labor sin novedad. Directivos expresaron que por estos d\u00edas est\u00e1n evaluando con ex\u00e1menes  en nivel de secundario por lo que se realiz\u00f3 un llamado de una mujer falso. <\/p>\n","protected":false},"excerpt":{"rendered":"<p>Este jueves a las 11:30 hs la polic\u00eda alertada telef\u00f3nicamente acude escuela a Nuestra Se\u00f1ora del Socorro ubicada en calle Mitre, por amenazas de Bomba. Se realiza junto a personal escolar evacuaci\u00f3n del edificio e inspecci\u00f3n ocular. Se solicit\u00f3 perito explosivo Bomberos Departamental quien realiz\u00f3 su labor sin novedad. Directivos expresaron que por estos d\u00edas [&hellip;]<\/p>\n","protected":false},"author":4,"featured_media":44044,"comment_status":"open","ping_status":"closed","sticky":false,"template":"","format":"standard","meta":{"om_disable_all_campaigns":false,"_jetpack_memberships_contains_paid_content":false,"footnotes":""},"categories":[2,103],"tags":[],"class_list":["post-44043","post","type-post","status-publish","format-standard","has-post-thumbnail","hentry","category-locales","category-policiales-locales"],"aioseo_notices":[],"gutentor_comment":0,"jetpack_featured_media_url":"https:\/\/eldiariodesanpedro.com.ar\/sitio\/wp-content\/uploads\/2018\/11\/socorro.jpg","jetpack_shortlink":"https:\/\/wp.me\/p6RhLt-bsn","jetpack_sharing_enabled":true,"_links":{"self":[{"href":"https:\/\/eldiariodesanpedro.com.ar\/sitio\/wp-json\/wp\/v2\/posts\/44043","targetHints":{"allow":["GET"]}}],"collection":[{"href":"https:\/\/eldiariodesanpedro.com.ar\/sitio\/wp-json\/wp\/v2\/posts"}],"about":[{"href":"https:\/\/eldiariodesanpedro.com.ar\/sitio\/wp-json\/wp\/v2\/types\/post"}],"author":[{"embeddable":true,"href":"https:\/\/eldiariodesanpedro.com.ar\/sitio\/wp-json\/wp\/v2\/users\/4"}],"replies":[{"embeddable":true,"href":"https:\/\/eldiariodesanpedro.com.ar\/sitio\/wp-json\/wp\/v2\/comments?post=44043"}],"version-history":[{"count":1,"href":"https:\/\/eldiariodesanpedro.com.ar\/sitio\/wp-json\/wp\/v2\/posts\/44043\/revisions"}],"predecessor-version":[{"id":44045,"href":"https:\/\/eldiariodesanpedro.com.ar\/sitio\/wp-json\/wp\/v2\/posts\/44043\/revisions\/44045"}],"wp:featuredmedia":[{"embeddable":true,"href":"https:\/\/eldiariodesanpedro.com.ar\/sitio\/wp-json\/wp\/v2\/media\/44044"}],"wp:attachment":[{"href":"https:\/\/eldiariodesanpedro.com.ar\/sitio\/wp-json\/wp\/v2\/media?parent=44043"}],"wp:term":[{"taxonomy":"category","embeddable":true,"href":"https:\/\/eldiariodesanpedro.com.ar\/sitio\/wp-json\/wp\/v2\/categories?post=44043"},{"taxonomy":"post_tag","embeddable":true,"href":"https:\/\/eldiariodesanpedro.com.ar\/sitio\/wp-json\/wp\/v2\/tags?post=44043"}],"curies":[{"name":"wp","href":"https:\/\/api.w.org\/{rel}","templated":true}]}}