{"id":44041,"date":"2018-11-23T12:23:57","date_gmt":"2018-11-23T15:23:57","guid":{"rendered":"https:\/\/eldiariodesanpedro.com.ar\/sitio\/?p=44041"},"modified":"2018-11-23T12:23:57","modified_gmt":"2018-11-23T15:23:57","slug":"se-recupero-una-motocicleta-robada-en-2016","status":"publish","type":"post","link":"https:\/\/eldiariodesanpedro.com.ar\/sitio\/se-recupero-una-motocicleta-robada-en-2016\/","title":{"rendered":"Se recuper\u00f3 una motocicleta robada en 2016"},"content":{"rendered":"<p><!-- VideographyWP Plugin Message: Automatic video embedding prevented by plugin options. --><br \/>\nLa polic\u00eda de la comisar\u00eda de nuestra ciudad en el marco de los distintos operativos que realiza en la intersecci\u00f3n de Caseros y Luis Sandrini ciudad, logr\u00f3 el secuestro de una motocicleta 110 cc con pedido de secuestro por \u00abhurto\u00bb en el a\u00f1o 2016 requerido por la fiscal\u00eda local. <\/p>\n<p>Respecto de su tenedor un sujeto de 27 a\u00f1os de edad, de nacionalidad paraguaya, fue demorado y tras cumplir recaudos legales recuper\u00f3 su libertad.<\/p>\n","protected":false},"excerpt":{"rendered":"<p>La polic\u00eda de la comisar\u00eda de nuestra ciudad en el marco de los distintos operativos que realiza en la intersecci\u00f3n de Caseros y Luis Sandrini ciudad, logr\u00f3 el secuestro de una motocicleta 110 cc con pedido de secuestro por \u00abhurto\u00bb en el a\u00f1o 2016 requerido por la fiscal\u00eda local. Respecto de su tenedor un sujeto [&hellip;]<\/p>\n","protected":false},"author":4,"featured_media":11797,"comment_status":"open","ping_status":"closed","sticky":false,"template":"","format":"standard","meta":{"om_disable_all_campaigns":false,"_jetpack_memberships_contains_paid_content":false,"footnotes":""},"categories":[2,103],"tags":[],"class_list":["post-44041","post","type-post","status-publish","format-standard","has-post-thumbnail","hentry","category-locales","category-policiales-locales"],"aioseo_notices":[],"gutentor_comment":0,"jetpack_featured_media_url":"https:\/\/eldiariodesanpedro.com.ar\/sitio\/wp-content\/uploads\/2016\/12\/moto-secuestrada.jpg","jetpack_shortlink":"https:\/\/wp.me\/p6RhLt-bsl","jetpack_sharing_enabled":true,"_links":{"self":[{"href":"https:\/\/eldiariodesanpedro.com.ar\/sitio\/wp-json\/wp\/v2\/posts\/44041","targetHints":{"allow":["GET"]}}],"collection":[{"href":"https:\/\/eldiariodesanpedro.com.ar\/sitio\/wp-json\/wp\/v2\/posts"}],"about":[{"href":"https:\/\/eldiariodesanpedro.com.ar\/sitio\/wp-json\/wp\/v2\/types\/post"}],"author":[{"embeddable":true,"href":"https:\/\/eldiariodesanpedro.com.ar\/sitio\/wp-json\/wp\/v2\/users\/4"}],"replies":[{"embeddable":true,"href":"https:\/\/eldiariodesanpedro.com.ar\/sitio\/wp-json\/wp\/v2\/comments?post=44041"}],"version-history":[{"count":1,"href":"https:\/\/eldiariodesanpedro.com.ar\/sitio\/wp-json\/wp\/v2\/posts\/44041\/revisions"}],"predecessor-version":[{"id":44042,"href":"https:\/\/eldiariodesanpedro.com.ar\/sitio\/wp-json\/wp\/v2\/posts\/44041\/revisions\/44042"}],"wp:featuredmedia":[{"embeddable":true,"href":"https:\/\/eldiariodesanpedro.com.ar\/sitio\/wp-json\/wp\/v2\/media\/11797"}],"wp:attachment":[{"href":"https:\/\/eldiariodesanpedro.com.ar\/sitio\/wp-json\/wp\/v2\/media?parent=44041"}],"wp:term":[{"taxonomy":"category","embeddable":true,"href":"https:\/\/eldiariodesanpedro.com.ar\/sitio\/wp-json\/wp\/v2\/categories?post=44041"},{"taxonomy":"post_tag","embeddable":true,"href":"https:\/\/eldiariodesanpedro.com.ar\/sitio\/wp-json\/wp\/v2\/tags?post=44041"}],"curies":[{"name":"wp","href":"https:\/\/api.w.org\/{rel}","templated":true}]}}