{"id":44039,"date":"2018-11-23T12:19:38","date_gmt":"2018-11-23T15:19:38","guid":{"rendered":"https:\/\/eldiariodesanpedro.com.ar\/sitio\/?p=44039"},"modified":"2018-11-23T12:19:38","modified_gmt":"2018-11-23T15:19:38","slug":"se-recupera-una-camioneta-robada-que-era-vendida-en-un-comercio-de-venta-de-automoviles","status":"publish","type":"post","link":"https:\/\/eldiariodesanpedro.com.ar\/sitio\/se-recupera-una-camioneta-robada-que-era-vendida-en-un-comercio-de-venta-de-automoviles\/","title":{"rendered":"Se recupera una camioneta robada que era vendida en un comercio de venta de autom\u00f3viles"},"content":{"rendered":"<p><!-- VideographyWP Plugin Message: Automatic video embedding prevented by plugin options. --><br \/>\nEste mi\u00e9rcoles por la tarde oficiales de la polic\u00eda de nuestra ciudad se hicieron presentes en un comercio de compra y venta autom\u00f3viles usados ubicado en la Av. 11 de Septiembre y Ayacucho, procedi\u00f3 secuestro de pickup a la venta que registraba pedido de secuestro a\u00f1o 2017 a requerimiento de la Fiscal\u00eda de Mor\u00f3n BA por el delito de \u00abRobo Automotor\u00bb. <\/p>\n<p>En el marco de la referida ley 13081, se procedi\u00f3 a la clausura del comercio que carec\u00eda de habilitaci\u00f3n y disposiciones legales, con intervenci\u00f3n del juzgado de paz local. Respecto del responsable del local, un masculino mayor de edad, fue notificado de la causa, por disposici\u00f3n judicial, permaneciendo el rodado secuestrado en sede policial.<\/p>\n","protected":false},"excerpt":{"rendered":"<p>Este mi\u00e9rcoles por la tarde oficiales de la polic\u00eda de nuestra ciudad se hicieron presentes en un comercio de compra y venta autom\u00f3viles usados ubicado en la Av. 11 de Septiembre y Ayacucho, procedi\u00f3 secuestro de pickup a la venta que registraba pedido de secuestro a\u00f1o 2017 a requerimiento de la Fiscal\u00eda de Mor\u00f3n BA [&hellip;]<\/p>\n","protected":false},"author":4,"featured_media":13372,"comment_status":"open","ping_status":"closed","sticky":false,"template":"","format":"standard","meta":{"om_disable_all_campaigns":false,"_jetpack_memberships_contains_paid_content":false,"footnotes":""},"categories":[2,103],"tags":[],"class_list":["post-44039","post","type-post","status-publish","format-standard","has-post-thumbnail","hentry","category-locales","category-policiales-locales"],"aioseo_notices":[],"gutentor_comment":0,"jetpack_featured_media_url":"https:\/\/eldiariodesanpedro.com.ar\/sitio\/wp-content\/uploads\/2017\/01\/Patrulla-4-e1485286120389.jpg","jetpack_shortlink":"https:\/\/wp.me\/p6RhLt-bsj","jetpack_sharing_enabled":true,"_links":{"self":[{"href":"https:\/\/eldiariodesanpedro.com.ar\/sitio\/wp-json\/wp\/v2\/posts\/44039","targetHints":{"allow":["GET"]}}],"collection":[{"href":"https:\/\/eldiariodesanpedro.com.ar\/sitio\/wp-json\/wp\/v2\/posts"}],"about":[{"href":"https:\/\/eldiariodesanpedro.com.ar\/sitio\/wp-json\/wp\/v2\/types\/post"}],"author":[{"embeddable":true,"href":"https:\/\/eldiariodesanpedro.com.ar\/sitio\/wp-json\/wp\/v2\/users\/4"}],"replies":[{"embeddable":true,"href":"https:\/\/eldiariodesanpedro.com.ar\/sitio\/wp-json\/wp\/v2\/comments?post=44039"}],"version-history":[{"count":1,"href":"https:\/\/eldiariodesanpedro.com.ar\/sitio\/wp-json\/wp\/v2\/posts\/44039\/revisions"}],"predecessor-version":[{"id":44040,"href":"https:\/\/eldiariodesanpedro.com.ar\/sitio\/wp-json\/wp\/v2\/posts\/44039\/revisions\/44040"}],"wp:featuredmedia":[{"embeddable":true,"href":"https:\/\/eldiariodesanpedro.com.ar\/sitio\/wp-json\/wp\/v2\/media\/13372"}],"wp:attachment":[{"href":"https:\/\/eldiariodesanpedro.com.ar\/sitio\/wp-json\/wp\/v2\/media?parent=44039"}],"wp:term":[{"taxonomy":"category","embeddable":true,"href":"https:\/\/eldiariodesanpedro.com.ar\/sitio\/wp-json\/wp\/v2\/categories?post=44039"},{"taxonomy":"post_tag","embeddable":true,"href":"https:\/\/eldiariodesanpedro.com.ar\/sitio\/wp-json\/wp\/v2\/tags?post=44039"}],"curies":[{"name":"wp","href":"https:\/\/api.w.org\/{rel}","templated":true}]}}