{"id":44037,"date":"2018-11-23T12:10:11","date_gmt":"2018-11-23T15:10:11","guid":{"rendered":"https:\/\/eldiariodesanpedro.com.ar\/sitio\/?p=44037"},"modified":"2018-11-23T12:10:11","modified_gmt":"2018-11-23T15:10:11","slug":"un-joven-aprehendido-infraganti-cuando-robaba-un-stereo","status":"publish","type":"post","link":"https:\/\/eldiariodesanpedro.com.ar\/sitio\/un-joven-aprehendido-infraganti-cuando-robaba-un-stereo\/","title":{"rendered":"Un joven aprehendido infraganti cuando robaba un stereo"},"content":{"rendered":"<p><!-- VideographyWP Plugin Message: Automatic video embedding prevented by plugin options. --><br \/>\nEste jueves ciudadanos alertaron a trav\u00e9s de 911 y tras r\u00e1pido proceder de los efectivos policiales en horas de la madrugada en calle d\u00e1vila 150 ciudad, se aprehendi\u00f3 a sujeto de 19 a\u00f1os de edad, que fugaba tras cometer un robo dentro del habit\u00e1culo de autom\u00f3vil que se hallaba estacionado en cercan\u00edas de ese lugar.<\/p>\n<p>Se le secuestr\u00f3 frente se est\u00e9reo, que sustrajo tras violentar puerta del rodado, propiedad de una mujer de 60 a\u00f1os de edad. Permaneci\u00f3 alojado en la comisar\u00eda, habiendo recuperado luego su libertad. <\/p>\n","protected":false},"excerpt":{"rendered":"<p>Este jueves ciudadanos alertaron a trav\u00e9s de 911 y tras r\u00e1pido proceder de los efectivos policiales en horas de la madrugada en calle d\u00e1vila 150 ciudad, se aprehendi\u00f3 a sujeto de 19 a\u00f1os de edad, que fugaba tras cometer un robo dentro del habit\u00e1culo de autom\u00f3vil que se hallaba estacionado en cercan\u00edas de ese lugar. [&hellip;]<\/p>\n","protected":false},"author":4,"featured_media":28826,"comment_status":"open","ping_status":"closed","sticky":false,"template":"","format":"standard","meta":{"om_disable_all_campaigns":false,"_jetpack_memberships_contains_paid_content":false,"footnotes":""},"categories":[2,103],"tags":[],"class_list":["post-44037","post","type-post","status-publish","format-standard","has-post-thumbnail","hentry","category-locales","category-policiales-locales"],"aioseo_notices":[],"gutentor_comment":0,"jetpack_featured_media_url":"https:\/\/eldiariodesanpedro.com.ar\/sitio\/wp-content\/uploads\/2018\/02\/detenido-4.jpg","jetpack_shortlink":"https:\/\/wp.me\/p6RhLt-bsh","jetpack_sharing_enabled":true,"_links":{"self":[{"href":"https:\/\/eldiariodesanpedro.com.ar\/sitio\/wp-json\/wp\/v2\/posts\/44037","targetHints":{"allow":["GET"]}}],"collection":[{"href":"https:\/\/eldiariodesanpedro.com.ar\/sitio\/wp-json\/wp\/v2\/posts"}],"about":[{"href":"https:\/\/eldiariodesanpedro.com.ar\/sitio\/wp-json\/wp\/v2\/types\/post"}],"author":[{"embeddable":true,"href":"https:\/\/eldiariodesanpedro.com.ar\/sitio\/wp-json\/wp\/v2\/users\/4"}],"replies":[{"embeddable":true,"href":"https:\/\/eldiariodesanpedro.com.ar\/sitio\/wp-json\/wp\/v2\/comments?post=44037"}],"version-history":[{"count":1,"href":"https:\/\/eldiariodesanpedro.com.ar\/sitio\/wp-json\/wp\/v2\/posts\/44037\/revisions"}],"predecessor-version":[{"id":44038,"href":"https:\/\/eldiariodesanpedro.com.ar\/sitio\/wp-json\/wp\/v2\/posts\/44037\/revisions\/44038"}],"wp:featuredmedia":[{"embeddable":true,"href":"https:\/\/eldiariodesanpedro.com.ar\/sitio\/wp-json\/wp\/v2\/media\/28826"}],"wp:attachment":[{"href":"https:\/\/eldiariodesanpedro.com.ar\/sitio\/wp-json\/wp\/v2\/media?parent=44037"}],"wp:term":[{"taxonomy":"category","embeddable":true,"href":"https:\/\/eldiariodesanpedro.com.ar\/sitio\/wp-json\/wp\/v2\/categories?post=44037"},{"taxonomy":"post_tag","embeddable":true,"href":"https:\/\/eldiariodesanpedro.com.ar\/sitio\/wp-json\/wp\/v2\/tags?post=44037"}],"curies":[{"name":"wp","href":"https:\/\/api.w.org\/{rel}","templated":true}]}}