{"id":44030,"date":"2018-11-23T10:00:42","date_gmt":"2018-11-23T13:00:42","guid":{"rendered":"https:\/\/eldiariodesanpedro.com.ar\/sitio\/?p=44030"},"modified":"2018-11-23T10:00:42","modified_gmt":"2018-11-23T13:00:42","slug":"motochorros-aprehendidos-luego-de-asaltar-a-una-joven-de-18-anos","status":"publish","type":"post","link":"https:\/\/eldiariodesanpedro.com.ar\/sitio\/motochorros-aprehendidos-luego-de-asaltar-a-una-joven-de-18-anos\/","title":{"rendered":"Motochorros aprehendidos luego de asaltar a una joven de 18 a\u00f1os"},"content":{"rendered":"<p><!-- VideographyWP Plugin Message: Automatic video embedding prevented by plugin options. --><br \/>\nDos delincuentes que circulaban en una motocicleta color blanca, sorprendieron a una joven y le arrebataron su celular. Fueron aprehendidos unas horas despu\u00e9s sin recuperar el elemento robado.<\/p>\n<p>El hecho delictivo ocurri\u00f3 este jueves por la tarde noche, cuando una joven de 18 a\u00f1os de edad se encontraba caminando por calle Linier y antes de llegar a la Av 11 de Septiembre fue interceptada por dos sujetos de 17 y 19, que circulaban en una motocicleta color blanca 110 cc y tras intimidaci\u00f3n verbal le sustrajeron el celular d\u00e1ndose a la fuga r\u00e1pidamente.<\/p>\n<p>Unas horas despu\u00e9s, en el marco de un operativo en cercan\u00edas del lugar del hecho, precisamente en 11 de septiembre y Ayacucho se logro la aprehensi\u00f3n de los mismo pero no ten\u00edan el elemento robado en su poder.<\/p>\n<p>Tras r\u00e1pido accionar de la justicia, se extendi\u00f3 distintas ordenes de allanamiento de urgencia sin lograr recuperar el bien. <\/p>\n<p>El mayor permanece alojado en la comisaria local, ya reincidente en la modalidad delictiva. El menor fue entregado a su familia, sometido a proceso judicial. <\/p>\n<p>Investiga el hecho la fiscal\u00eda en turno de menores de San Nicolas.  <\/p>\n","protected":false},"excerpt":{"rendered":"<p>Dos delincuentes que circulaban en una motocicleta color blanca, sorprendieron a una joven y le arrebataron su celular. Fueron aprehendidos unas horas despu\u00e9s sin recuperar el elemento robado. El hecho delictivo ocurri\u00f3 este jueves por la tarde noche, cuando una joven de 18 a\u00f1os de edad se encontraba caminando por calle Linier y antes de [&hellip;]<\/p>\n","protected":false},"author":4,"featured_media":44033,"comment_status":"open","ping_status":"closed","sticky":false,"template":"","format":"standard","meta":{"om_disable_all_campaigns":false,"_jetpack_memberships_contains_paid_content":false,"footnotes":""},"categories":[50,2,103],"tags":[],"class_list":["post-44030","post","type-post","status-publish","format-standard","has-post-thumbnail","hentry","category-destacadas","category-locales","category-policiales-locales"],"aioseo_notices":[],"gutentor_comment":0,"jetpack_featured_media_url":"https:\/\/eldiariodesanpedro.com.ar\/sitio\/wp-content\/uploads\/2018\/11\/WhatsApp-Image-2018-11-23-at-09.48.21.jpeg","jetpack_shortlink":"https:\/\/wp.me\/p6RhLt-bsa","jetpack_sharing_enabled":true,"_links":{"self":[{"href":"https:\/\/eldiariodesanpedro.com.ar\/sitio\/wp-json\/wp\/v2\/posts\/44030","targetHints":{"allow":["GET"]}}],"collection":[{"href":"https:\/\/eldiariodesanpedro.com.ar\/sitio\/wp-json\/wp\/v2\/posts"}],"about":[{"href":"https:\/\/eldiariodesanpedro.com.ar\/sitio\/wp-json\/wp\/v2\/types\/post"}],"author":[{"embeddable":true,"href":"https:\/\/eldiariodesanpedro.com.ar\/sitio\/wp-json\/wp\/v2\/users\/4"}],"replies":[{"embeddable":true,"href":"https:\/\/eldiariodesanpedro.com.ar\/sitio\/wp-json\/wp\/v2\/comments?post=44030"}],"version-history":[{"count":1,"href":"https:\/\/eldiariodesanpedro.com.ar\/sitio\/wp-json\/wp\/v2\/posts\/44030\/revisions"}],"predecessor-version":[{"id":44034,"href":"https:\/\/eldiariodesanpedro.com.ar\/sitio\/wp-json\/wp\/v2\/posts\/44030\/revisions\/44034"}],"wp:featuredmedia":[{"embeddable":true,"href":"https:\/\/eldiariodesanpedro.com.ar\/sitio\/wp-json\/wp\/v2\/media\/44033"}],"wp:attachment":[{"href":"https:\/\/eldiariodesanpedro.com.ar\/sitio\/wp-json\/wp\/v2\/media?parent=44030"}],"wp:term":[{"taxonomy":"category","embeddable":true,"href":"https:\/\/eldiariodesanpedro.com.ar\/sitio\/wp-json\/wp\/v2\/categories?post=44030"},{"taxonomy":"post_tag","embeddable":true,"href":"https:\/\/eldiariodesanpedro.com.ar\/sitio\/wp-json\/wp\/v2\/tags?post=44030"}],"curies":[{"name":"wp","href":"https:\/\/api.w.org\/{rel}","templated":true}]}}