{"id":44027,"date":"2018-11-23T09:33:09","date_gmt":"2018-11-23T12:33:09","guid":{"rendered":"https:\/\/eldiariodesanpedro.com.ar\/sitio\/?p=44027"},"modified":"2026-01-24T00:39:10","modified_gmt":"2026-01-24T03:39:10","slug":"se-entregaron-los-certificados-a-las-personas-que-asistieron-a-la-capacitacion-en-peluqueria","status":"publish","type":"post","link":"https:\/\/eldiariodesanpedro.com.ar\/sitio\/se-entregaron-los-certificados-a-las-personas-que-asistieron-a-la-capacitacion-en-peluqueria\/","title":{"rendered":"Se entregaron los certificados a las personas que asistieron a la capacitaci\u00f3n en peluquer\u00eda"},"content":{"rendered":"<p><!-- VideographyWP Plugin Message: Automatic video embedding prevented by plugin options. --><br \/>\nEn el d\u00eda de ayer se hizo entrega de los certificados a las personas que asistieron a la capacitaci\u00f3n en peluquer\u00eda, dentro del marco del Proyecto Comunitario Barrio Villa Depietri, financiado por la Secretaria de Vivienda y H\u00e1bitat, dependiente del Ministerio del Interior, Obras P\u00fablicas y Vivienda de la Naci\u00f3n. La misma tuvo lugar en las instalaciones de Envi\u00f3n Depietri, desde agosto a noviembre del corriente a\u00f1o. <\/p>\n<p>Se complement\u00f3 esta capacitaci\u00f3n con un entrenamiento en introducci\u00f3n al trabajo y emprendemos, a cargo de la Oficina de Empleo, dependiente de la Subsecretar\u00eda de Desarrollo Econ\u00f3mico de la Municipalidad y gracias a esto las personas participantes pudieron armar sus propios empredimientos. <\/p>\n<p>Como impacto algunas mujeres comenzaron a hacer trabajos de peluquer\u00eda lo que contribuye al sustento del hogar. Queremos agradecer a la capacitadora Mar\u00eda Haydee Villalba por su compromiso y dedicaci\u00f3n con el grupo.<\/p>\n<p>\u00c1rea Redes Comunitarias<br \/>\nSecretar\u00eda de Desarrollo Humano<br \/>\nMunicipalidad de San Pedro<\/p>\n","protected":false},"excerpt":{"rendered":"<p>En el d\u00eda de ayer se hizo entrega de los certificados a las personas que asistieron a la capacitaci\u00f3n en peluquer\u00eda, dentro del marco del Proyecto Comunitario Barrio Villa Depietri, financiado por la Secretaria de Vivienda y H\u00e1bitat, dependiente del Ministerio del Interior, Obras P\u00fablicas y Vivienda de la Naci\u00f3n. La misma tuvo lugar en [&hellip;]<\/p>\n","protected":false},"author":4,"featured_media":44028,"comment_status":"open","ping_status":"closed","sticky":false,"template":"","format":"standard","meta":{"om_disable_all_campaigns":false,"_jetpack_memberships_contains_paid_content":false,"footnotes":""},"categories":[2],"tags":[],"class_list":["post-44027","post","type-post","status-publish","format-standard","has-post-thumbnail","hentry","category-locales"],"aioseo_notices":[],"gutentor_comment":0,"jetpack_featured_media_url":"https:\/\/eldiariodesanpedro.com.ar\/sitio\/wp-content\/uploads\/2018\/11\/unnamed-1-1.png","jetpack_shortlink":"https:\/\/wp.me\/p6RhLt-bs7","jetpack_sharing_enabled":true,"_links":{"self":[{"href":"https:\/\/eldiariodesanpedro.com.ar\/sitio\/wp-json\/wp\/v2\/posts\/44027","targetHints":{"allow":["GET"]}}],"collection":[{"href":"https:\/\/eldiariodesanpedro.com.ar\/sitio\/wp-json\/wp\/v2\/posts"}],"about":[{"href":"https:\/\/eldiariodesanpedro.com.ar\/sitio\/wp-json\/wp\/v2\/types\/post"}],"author":[{"embeddable":true,"href":"https:\/\/eldiariodesanpedro.com.ar\/sitio\/wp-json\/wp\/v2\/users\/4"}],"replies":[{"embeddable":true,"href":"https:\/\/eldiariodesanpedro.com.ar\/sitio\/wp-json\/wp\/v2\/comments?post=44027"}],"version-history":[{"count":1,"href":"https:\/\/eldiariodesanpedro.com.ar\/sitio\/wp-json\/wp\/v2\/posts\/44027\/revisions"}],"predecessor-version":[{"id":44029,"href":"https:\/\/eldiariodesanpedro.com.ar\/sitio\/wp-json\/wp\/v2\/posts\/44027\/revisions\/44029"}],"wp:featuredmedia":[{"embeddable":true,"href":"https:\/\/eldiariodesanpedro.com.ar\/sitio\/wp-json\/wp\/v2\/media\/44028"}],"wp:attachment":[{"href":"https:\/\/eldiariodesanpedro.com.ar\/sitio\/wp-json\/wp\/v2\/media?parent=44027"}],"wp:term":[{"taxonomy":"category","embeddable":true,"href":"https:\/\/eldiariodesanpedro.com.ar\/sitio\/wp-json\/wp\/v2\/categories?post=44027"},{"taxonomy":"post_tag","embeddable":true,"href":"https:\/\/eldiariodesanpedro.com.ar\/sitio\/wp-json\/wp\/v2\/tags?post=44027"}],"curies":[{"name":"wp","href":"https:\/\/api.w.org\/{rel}","templated":true}]}}