{"id":44023,"date":"2018-11-23T09:26:50","date_gmt":"2018-11-23T12:26:50","guid":{"rendered":"https:\/\/eldiariodesanpedro.com.ar\/sitio\/?p=44023"},"modified":"2018-11-23T09:26:50","modified_gmt":"2018-11-23T12:26:50","slug":"accidente-un-camion-al-intentar-doblar-cayo-a-una-alcantarilla-rompio-la-boca-de-tormenta-y-quedo-encajado","status":"publish","type":"post","link":"https:\/\/eldiariodesanpedro.com.ar\/sitio\/accidente-un-camion-al-intentar-doblar-cayo-a-una-alcantarilla-rompio-la-boca-de-tormenta-y-quedo-encajado\/","title":{"rendered":"Accidente:  Un cami\u00f3n al intentar doblar, cayo a una alcantarilla, rompi\u00f3 la boca de tormenta y quedo encajado"},"content":{"rendered":"<p><!-- VideographyWP Plugin Message: Automatic video embedding prevented by plugin options. --><br \/>\nEsta ma\u00f1ana se produjo un hecho muy particular en la intersecci\u00f3n de calle Mitre e Italia, un cami\u00f3n con un semi acoplado intento doblar cuando circulaba por Mitre, se subi\u00f3 a la vereda, cayo a la alcantarilla rompiendo la boca de tormenta quedando encajado en el lugar.<\/p>\n<p>Vecinos, gente del corralon municipal, inspecci\u00f3n y personal de obras publicas, se hicieron presentes en el hecho y colaboraban con opiniones para tratar de sacar el rodado.<\/p>\n<p>Un cami\u00f3n del corralon municipal y una maquina de obras del municipio intentaron tirarlo para atr\u00e1s en varios intentos pero no se pudo. <\/p>\n<p>Luego de una hora, finalmente se logro remover el semi, fue levantado por un peque\u00f1o auto elevador, propiedad del corralon de materiales Barcelo; esta vez se intento por la parte delantera, dando resultado positivo y quedando en un costado para su reparaci\u00f3n.<\/p>\n<p>Desde inspecci\u00f3n afirmaron que se le labraran actuaciones por no poder circular en esa zona, quedara a disposici\u00f3n del Juez de Faltas. <\/p>\n<p>En el lugar se hizo presente Ariel Alvarez, secretario general de obras publicas, quien dialogo con los medios de comunicacion contando el gran da\u00f1o que causo el rodado:<\/p>\n<p>\u00abdoblo muy abierto, se subi\u00f3 arriba de la vereda y rompi\u00f3 la boca de tormenta, que fue lo que ocasiono que fuera tan dif\u00edcil sacarlo, se intento tirar para atr\u00e1s dos veces  pero no se pudo, y finalmente se pudo levantar con un shale, es una zona que no pueden transitar estos camiones, pero no lo podemos dejar pasar ,  esto nos cuesta mucho dinero, ahora hay que repararlo, tenemos que volver hacer la basa, la tapa de hormig\u00f3n , todo de nuevo\u00bb.<\/p>\n<p><img decoding=\"async\" data-attachment-id=\"44024\" data-permalink=\"https:\/\/eldiariodesanpedro.com.ar\/sitio\/accidente-un-camion-al-intentar-doblar-cayo-a-una-alcantarilla-rompio-la-boca-de-tormenta-y-quedo-encajado\/whatsapp-image-2018-11-23-at-08-38-44\/\" data-orig-file=\"https:\/\/eldiariodesanpedro.com.ar\/sitio\/wp-content\/uploads\/2018\/11\/WhatsApp-Image-2018-11-23-at-08.38.44.jpeg\" data-orig-size=\"1280,960\" data-comments-opened=\"1\" data-image-meta=\"{&quot;aperture&quot;:&quot;0&quot;,&quot;credit&quot;:&quot;&quot;,&quot;camera&quot;:&quot;&quot;,&quot;caption&quot;:&quot;&quot;,&quot;created_timestamp&quot;:&quot;0&quot;,&quot;copyright&quot;:&quot;&quot;,&quot;focal_length&quot;:&quot;0&quot;,&quot;iso&quot;:&quot;0&quot;,&quot;shutter_speed&quot;:&quot;0&quot;,&quot;title&quot;:&quot;&quot;,&quot;orientation&quot;:&quot;0&quot;}\" data-image-title=\"WhatsApp Image 2018-11-23 at 08.38.44\" data-image-description=\"\" data-image-caption=\"\" data-large-file=\"https:\/\/eldiariodesanpedro.com.ar\/sitio\/wp-content\/uploads\/2018\/11\/WhatsApp-Image-2018-11-23-at-08.38.44-1024x768.jpeg\" data-src=\"https:\/\/eldiariodesanpedro.com.ar\/sitio\/wp-content\/uploads\/2018\/11\/WhatsApp-Image-2018-11-23-at-08.38.44-1024x768.jpeg\" alt=\"\" width=\"660\" height=\"495\" class=\"alignnone size-large wp-image-44024 lazyload\" data-srcset=\"https:\/\/eldiariodesanpedro.com.ar\/sitio\/wp-content\/uploads\/2018\/11\/WhatsApp-Image-2018-11-23-at-08.38.44-1024x768.jpeg 1024w, https:\/\/eldiariodesanpedro.com.ar\/sitio\/wp-content\/uploads\/2018\/11\/WhatsApp-Image-2018-11-23-at-08.38.44-300x225.jpeg 300w, https:\/\/eldiariodesanpedro.com.ar\/sitio\/wp-content\/uploads\/2018\/11\/WhatsApp-Image-2018-11-23-at-08.38.44-768x576.jpeg 768w, https:\/\/eldiariodesanpedro.com.ar\/sitio\/wp-content\/uploads\/2018\/11\/WhatsApp-Image-2018-11-23-at-08.38.44.jpeg 1280w\" data-sizes=\"(max-width: 660px) 100vw, 660px\" src=\"data:image\/svg+xml;base64,PHN2ZyB3aWR0aD0iMSIgaGVpZ2h0PSIxIiB4bWxucz0iaHR0cDovL3d3dy53My5vcmcvMjAwMC9zdmciPjwvc3ZnPg==\" style=\"--smush-placeholder-width: 660px; --smush-placeholder-aspect-ratio: 660\/495;\" \/><\/p>\n<p><img decoding=\"async\" data-attachment-id=\"44025\" data-permalink=\"https:\/\/eldiariodesanpedro.com.ar\/sitio\/accidente-un-camion-al-intentar-doblar-cayo-a-una-alcantarilla-rompio-la-boca-de-tormenta-y-quedo-encajado\/whatsapp-image-2018-11-23-at-08-54-04\/\" data-orig-file=\"https:\/\/eldiariodesanpedro.com.ar\/sitio\/wp-content\/uploads\/2018\/11\/WhatsApp-Image-2018-11-23-at-08.54.04.jpeg\" data-orig-size=\"1280,768\" data-comments-opened=\"1\" data-image-meta=\"{&quot;aperture&quot;:&quot;0&quot;,&quot;credit&quot;:&quot;&quot;,&quot;camera&quot;:&quot;&quot;,&quot;caption&quot;:&quot;&quot;,&quot;created_timestamp&quot;:&quot;0&quot;,&quot;copyright&quot;:&quot;&quot;,&quot;focal_length&quot;:&quot;0&quot;,&quot;iso&quot;:&quot;0&quot;,&quot;shutter_speed&quot;:&quot;0&quot;,&quot;title&quot;:&quot;&quot;,&quot;orientation&quot;:&quot;0&quot;}\" data-image-title=\"WhatsApp Image 2018-11-23 at 08.54.04\" data-image-description=\"\" data-image-caption=\"\" data-large-file=\"https:\/\/eldiariodesanpedro.com.ar\/sitio\/wp-content\/uploads\/2018\/11\/WhatsApp-Image-2018-11-23-at-08.54.04-1024x614.jpeg\" data-src=\"https:\/\/eldiariodesanpedro.com.ar\/sitio\/wp-content\/uploads\/2018\/11\/WhatsApp-Image-2018-11-23-at-08.54.04-1024x614.jpeg\" alt=\"\" width=\"660\" height=\"396\" class=\"alignnone size-large wp-image-44025 lazyload\" data-srcset=\"https:\/\/eldiariodesanpedro.com.ar\/sitio\/wp-content\/uploads\/2018\/11\/WhatsApp-Image-2018-11-23-at-08.54.04-1024x614.jpeg 1024w, https:\/\/eldiariodesanpedro.com.ar\/sitio\/wp-content\/uploads\/2018\/11\/WhatsApp-Image-2018-11-23-at-08.54.04-300x180.jpeg 300w, https:\/\/eldiariodesanpedro.com.ar\/sitio\/wp-content\/uploads\/2018\/11\/WhatsApp-Image-2018-11-23-at-08.54.04-768x461.jpeg 768w, https:\/\/eldiariodesanpedro.com.ar\/sitio\/wp-content\/uploads\/2018\/11\/WhatsApp-Image-2018-11-23-at-08.54.04.jpeg 1280w\" data-sizes=\"(max-width: 660px) 100vw, 660px\" src=\"data:image\/svg+xml;base64,PHN2ZyB3aWR0aD0iMSIgaGVpZ2h0PSIxIiB4bWxucz0iaHR0cDovL3d3dy53My5vcmcvMjAwMC9zdmciPjwvc3ZnPg==\" style=\"--smush-placeholder-width: 660px; --smush-placeholder-aspect-ratio: 660\/396;\" \/><\/p>\n","protected":false},"excerpt":{"rendered":"<p>Esta ma\u00f1ana se produjo un hecho muy particular en la intersecci\u00f3n de calle Mitre e Italia, un cami\u00f3n con un semi acoplado intento doblar cuando circulaba por Mitre, se subi\u00f3 a la vereda, cayo a la alcantarilla rompiendo la boca de tormenta quedando encajado en el lugar. Vecinos, gente del corralon municipal, inspecci\u00f3n y personal [&hellip;]<\/p>\n","protected":false},"author":4,"featured_media":44024,"comment_status":"open","ping_status":"closed","sticky":false,"template":"","format":"standard","meta":{"om_disable_all_campaigns":false,"_jetpack_memberships_contains_paid_content":false,"footnotes":""},"categories":[50,2,103],"tags":[],"class_list":["post-44023","post","type-post","status-publish","format-standard","has-post-thumbnail","hentry","category-destacadas","category-locales","category-policiales-locales"],"aioseo_notices":[],"gutentor_comment":0,"jetpack_featured_media_url":"https:\/\/eldiariodesanpedro.com.ar\/sitio\/wp-content\/uploads\/2018\/11\/WhatsApp-Image-2018-11-23-at-08.38.44.jpeg","jetpack_shortlink":"https:\/\/wp.me\/p6RhLt-bs3","jetpack_sharing_enabled":true,"_links":{"self":[{"href":"https:\/\/eldiariodesanpedro.com.ar\/sitio\/wp-json\/wp\/v2\/posts\/44023","targetHints":{"allow":["GET"]}}],"collection":[{"href":"https:\/\/eldiariodesanpedro.com.ar\/sitio\/wp-json\/wp\/v2\/posts"}],"about":[{"href":"https:\/\/eldiariodesanpedro.com.ar\/sitio\/wp-json\/wp\/v2\/types\/post"}],"author":[{"embeddable":true,"href":"https:\/\/eldiariodesanpedro.com.ar\/sitio\/wp-json\/wp\/v2\/users\/4"}],"replies":[{"embeddable":true,"href":"https:\/\/eldiariodesanpedro.com.ar\/sitio\/wp-json\/wp\/v2\/comments?post=44023"}],"version-history":[{"count":1,"href":"https:\/\/eldiariodesanpedro.com.ar\/sitio\/wp-json\/wp\/v2\/posts\/44023\/revisions"}],"predecessor-version":[{"id":44026,"href":"https:\/\/eldiariodesanpedro.com.ar\/sitio\/wp-json\/wp\/v2\/posts\/44023\/revisions\/44026"}],"wp:featuredmedia":[{"embeddable":true,"href":"https:\/\/eldiariodesanpedro.com.ar\/sitio\/wp-json\/wp\/v2\/media\/44024"}],"wp:attachment":[{"href":"https:\/\/eldiariodesanpedro.com.ar\/sitio\/wp-json\/wp\/v2\/media?parent=44023"}],"wp:term":[{"taxonomy":"category","embeddable":true,"href":"https:\/\/eldiariodesanpedro.com.ar\/sitio\/wp-json\/wp\/v2\/categories?post=44023"},{"taxonomy":"post_tag","embeddable":true,"href":"https:\/\/eldiariodesanpedro.com.ar\/sitio\/wp-json\/wp\/v2\/tags?post=44023"}],"curies":[{"name":"wp","href":"https:\/\/api.w.org\/{rel}","templated":true}]}}