{"id":44017,"date":"2018-11-22T21:06:38","date_gmt":"2018-11-23T00:06:38","guid":{"rendered":"https:\/\/eldiariodesanpedro.com.ar\/sitio\/?p=44017"},"modified":"2026-01-24T00:08:56","modified_gmt":"2026-01-24T03:08:56","slug":"vela-mayor-nautico-participo-en-copa-argentina","status":"publish","type":"post","link":"https:\/\/eldiariodesanpedro.com.ar\/sitio\/vela-mayor-nautico-participo-en-copa-argentina\/","title":{"rendered":"VELA MAYOR: N\u00e1utico particip\u00f3 en Copa Argentina"},"content":{"rendered":"<p><!-- VideographyWP Plugin Message: Automatic video embedding prevented by plugin options. --><br \/>\nRepresentantes del Club N\u00e1utico San Pedro fueron y ser\u00e1n parte en estos d\u00edas de regatas internacionales importantes. Federico Moretti Sanso particip\u00f3 de la Copa Argentina, organizada por el Club Veleros San Isidro, en aguas del R\u00edo de la Plata y luego de dos fines de semana culmin\u00f3 en el puesto 11\u00b0. Por su parte, Pablo Fenouil estar\u00e1 compitiendo est\u00e1 semana en el Sudamericano de la Clase J70, en el barco Butanan. El campeonato es organizado por el YCA en su sede de D\u00e1rsena Norte. <\/p>\n<p><strong>Yachting<\/strong><br \/>\nPrimer fin de semana del Cerrato en Olivos. Marco Limardo qued\u00f3 sexto en la general, Francina Paz novena Francisco G\u00f3mez 10\u00b0 y Delfina Kuttel 23\u00b0. En L\u00e1ser Radial Malena Sciarra 10\u00b0. El grand prix se define el pr\u00f3ximo fin de semana.<\/p>\n","protected":false},"excerpt":{"rendered":"<p>Representantes del Club N\u00e1utico San Pedro fueron y ser\u00e1n parte en estos d\u00edas de regatas internacionales importantes. Federico Moretti Sanso particip\u00f3 de la Copa Argentina, organizada por el Club Veleros San Isidro, en aguas del R\u00edo de la Plata y luego de dos fines de semana culmin\u00f3 en el puesto 11\u00b0. Por su parte, Pablo [&hellip;]<\/p>\n","protected":false},"author":4,"featured_media":44019,"comment_status":"open","ping_status":"closed","sticky":false,"template":"","format":"standard","meta":{"om_disable_all_campaigns":false,"_jetpack_memberships_contains_paid_content":false,"footnotes":""},"categories":[5],"tags":[],"class_list":["post-44017","post","type-post","status-publish","format-standard","has-post-thumbnail","hentry","category-deportes"],"aioseo_notices":[],"gutentor_comment":0,"jetpack_featured_media_url":"https:\/\/eldiariodesanpedro.com.ar\/sitio\/wp-content\/uploads\/2018\/11\/foto-4.jpg","jetpack_shortlink":"https:\/\/wp.me\/p6RhLt-brX","jetpack_sharing_enabled":true,"_links":{"self":[{"href":"https:\/\/eldiariodesanpedro.com.ar\/sitio\/wp-json\/wp\/v2\/posts\/44017","targetHints":{"allow":["GET"]}}],"collection":[{"href":"https:\/\/eldiariodesanpedro.com.ar\/sitio\/wp-json\/wp\/v2\/posts"}],"about":[{"href":"https:\/\/eldiariodesanpedro.com.ar\/sitio\/wp-json\/wp\/v2\/types\/post"}],"author":[{"embeddable":true,"href":"https:\/\/eldiariodesanpedro.com.ar\/sitio\/wp-json\/wp\/v2\/users\/4"}],"replies":[{"embeddable":true,"href":"https:\/\/eldiariodesanpedro.com.ar\/sitio\/wp-json\/wp\/v2\/comments?post=44017"}],"version-history":[{"count":1,"href":"https:\/\/eldiariodesanpedro.com.ar\/sitio\/wp-json\/wp\/v2\/posts\/44017\/revisions"}],"predecessor-version":[{"id":44021,"href":"https:\/\/eldiariodesanpedro.com.ar\/sitio\/wp-json\/wp\/v2\/posts\/44017\/revisions\/44021"}],"wp:featuredmedia":[{"embeddable":true,"href":"https:\/\/eldiariodesanpedro.com.ar\/sitio\/wp-json\/wp\/v2\/media\/44019"}],"wp:attachment":[{"href":"https:\/\/eldiariodesanpedro.com.ar\/sitio\/wp-json\/wp\/v2\/media?parent=44017"}],"wp:term":[{"taxonomy":"category","embeddable":true,"href":"https:\/\/eldiariodesanpedro.com.ar\/sitio\/wp-json\/wp\/v2\/categories?post=44017"},{"taxonomy":"post_tag","embeddable":true,"href":"https:\/\/eldiariodesanpedro.com.ar\/sitio\/wp-json\/wp\/v2\/tags?post=44017"}],"curies":[{"name":"wp","href":"https:\/\/api.w.org\/{rel}","templated":true}]}}