{"id":44012,"date":"2018-11-22T21:02:47","date_gmt":"2018-11-23T00:02:47","guid":{"rendered":"https:\/\/eldiariodesanpedro.com.ar\/sitio\/?p=44012"},"modified":"2026-01-24T00:08:56","modified_gmt":"2026-01-24T03:08:56","slug":"futbol-sportivo-jugara-el-torneo-regional-amateur-2019","status":"publish","type":"post","link":"https:\/\/eldiariodesanpedro.com.ar\/sitio\/futbol-sportivo-jugara-el-torneo-regional-amateur-2019\/","title":{"rendered":"F\u00daTBOL: Sportivo jugar\u00e1 el Torneo Regional Amateur 2019"},"content":{"rendered":"<p><!-- VideographyWP Plugin Message: Automatic video embedding prevented by plugin options. --><br \/>\nLuego de idas y vueltas, finalmente desde el Consejo Federal confirmaron que los clubes que hasta la pasada temporada jugaban el Federal B, participaran en su gran mayor\u00eda en el nuevo formato de torneo, entre ellos Sportivo Baradero.<br \/>\n TORNEO REGIONAL 2019: La mayor\u00eda de los clubes del ex Federal B disputar\u00e1n el torneo.<br \/>\nCuando restan poco mas de 2 meses para el inicio del Torneo Regional Federal Amateur 2019,  los equipos del ex Federal B van a dispuatr el mismo, salvo que desistan. Sportivo Baradero y Mitre representar\u00e1n a la URL San Pedro-Baradero.<\/p>\n","protected":false},"excerpt":{"rendered":"<p>Luego de idas y vueltas, finalmente desde el Consejo Federal confirmaron que los clubes que hasta la pasada temporada jugaban el Federal B, participaran en su gran mayor\u00eda en el nuevo formato de torneo, entre ellos Sportivo Baradero. TORNEO REGIONAL 2019: La mayor\u00eda de los clubes del ex Federal B disputar\u00e1n el torneo. Cuando restan [&hellip;]<\/p>\n","protected":false},"author":4,"featured_media":17907,"comment_status":"open","ping_status":"closed","sticky":false,"template":"","format":"standard","meta":{"om_disable_all_campaigns":false,"_jetpack_memberships_contains_paid_content":false,"footnotes":""},"categories":[5],"tags":[],"class_list":["post-44012","post","type-post","status-publish","format-standard","has-post-thumbnail","hentry","category-deportes"],"aioseo_notices":[],"gutentor_comment":0,"jetpack_featured_media_url":"https:\/\/eldiariodesanpedro.com.ar\/sitio\/wp-content\/uploads\/2017\/04\/futbol-balon.jpg","jetpack_shortlink":"https:\/\/wp.me\/p6RhLt-brS","jetpack_sharing_enabled":true,"_links":{"self":[{"href":"https:\/\/eldiariodesanpedro.com.ar\/sitio\/wp-json\/wp\/v2\/posts\/44012","targetHints":{"allow":["GET"]}}],"collection":[{"href":"https:\/\/eldiariodesanpedro.com.ar\/sitio\/wp-json\/wp\/v2\/posts"}],"about":[{"href":"https:\/\/eldiariodesanpedro.com.ar\/sitio\/wp-json\/wp\/v2\/types\/post"}],"author":[{"embeddable":true,"href":"https:\/\/eldiariodesanpedro.com.ar\/sitio\/wp-json\/wp\/v2\/users\/4"}],"replies":[{"embeddable":true,"href":"https:\/\/eldiariodesanpedro.com.ar\/sitio\/wp-json\/wp\/v2\/comments?post=44012"}],"version-history":[{"count":2,"href":"https:\/\/eldiariodesanpedro.com.ar\/sitio\/wp-json\/wp\/v2\/posts\/44012\/revisions"}],"predecessor-version":[{"id":44016,"href":"https:\/\/eldiariodesanpedro.com.ar\/sitio\/wp-json\/wp\/v2\/posts\/44012\/revisions\/44016"}],"wp:featuredmedia":[{"embeddable":true,"href":"https:\/\/eldiariodesanpedro.com.ar\/sitio\/wp-json\/wp\/v2\/media\/17907"}],"wp:attachment":[{"href":"https:\/\/eldiariodesanpedro.com.ar\/sitio\/wp-json\/wp\/v2\/media?parent=44012"}],"wp:term":[{"taxonomy":"category","embeddable":true,"href":"https:\/\/eldiariodesanpedro.com.ar\/sitio\/wp-json\/wp\/v2\/categories?post=44012"},{"taxonomy":"post_tag","embeddable":true,"href":"https:\/\/eldiariodesanpedro.com.ar\/sitio\/wp-json\/wp\/v2\/tags?post=44012"}],"curies":[{"name":"wp","href":"https:\/\/api.w.org\/{rel}","templated":true}]}}