{"id":44011,"date":"2018-11-22T21:01:34","date_gmt":"2018-11-23T00:01:34","guid":{"rendered":"https:\/\/eldiariodesanpedro.com.ar\/sitio\/?p=44011"},"modified":"2026-01-24T00:08:57","modified_gmt":"2026-01-24T03:08:57","slug":"ciclismo-boaglio-y-giuliani-ganaron-en-junin","status":"publish","type":"post","link":"https:\/\/eldiariodesanpedro.com.ar\/sitio\/ciclismo-boaglio-y-giuliani-ganaron-en-junin\/","title":{"rendered":"CICLISMO: Boaglio y Giuliani ganaron en Jun\u00edn"},"content":{"rendered":"<p><!-- VideographyWP Plugin Message: Automatic video embedding prevented by plugin options. --><br \/>\nInauguraci\u00f3n y cierre sampedrino en la vuelta cicl\u00edstica de Jun\u00edn \u201cSebasti\u00e1n Cancio\u201d contendida entre los d\u00edas s\u00e1bado 17, domingo 18 y lunes 19. Daniel Boaglio y Carlos Giuliani culminaron en lo m\u00e1s alto del podio.<br \/>\nEncabezamos el informe de la importante organizaci\u00f3n en etapas corrida el \u00faltimo fin de semana largo en el Aut\u00f3dromo Eusebio Marsilla, porque en la primera prueba contenida en la programaci\u00f3n, fue reservada para la categor\u00eda Mayores y all\u00ed se impuso el representante de San Pedro, Daniel Fernando Boaglio y el lunes 19 en la clausura del Gran Premio, corri\u00f3 Master \u201cA\u201d \u2013 Master \u201cB\u201d y quien traspaso la l\u00ednea de sentencia con brazos en alto, fue Carlos Giuliani.<\/p>\n<p>Las clasificaciones de los sampedrinos durante el desarrollo de la tercera etapa, fueron las detalladas a continuaci\u00f3n:<\/p>\n<p><strong>DEBUTANTES MAYORES<\/strong><br \/>\n1\u00ba Daniel F. Boaglio (San Pedro)<br \/>\n2\u00ba Pedro Balarini (Gral. Pintos)<br \/>\n3\u00ba Jos\u00e9 Ledesma (Chaco)<br \/>\n4\u00ba \u00c1ngel Galindez (Pilar)<br \/>\n5\u00ba Juan Milline (Chacabuco)<\/p>\n<p><strong>DEBUTANTES MENORES<\/strong><br \/>\n1\u00ba Juan Sinforoso (Colon)<br \/>\n2\u00ba Ignacio Garc\u00eda (Santa Luc\u00eda)<br \/>\n3\u00ba Silvio Olivera (Lincoln)<br \/>\n4\u00ba Ruben Chuliver (Chacabuco)<br \/>\n5\u00ba Mart\u00edn Gim\u00e9nez (Jun\u00edn)<\/p>\n<p><strong>MASTER \u201cA\u201d Y Master \u201cB\u201d<\/strong><br \/>\n1\u00ba Carlos Giuliani (San Pedro)<br \/>\n2\u00ba Jos\u00e9 \u201cChavo\u201d Sosa (Lober\u00eda)<br \/>\n3\u00ba Dar\u00edo Pagliaricci (Jun\u00edn)<\/p>\n","protected":false},"excerpt":{"rendered":"<p>Inauguraci\u00f3n y cierre sampedrino en la vuelta cicl\u00edstica de Jun\u00edn \u201cSebasti\u00e1n Cancio\u201d contendida entre los d\u00edas s\u00e1bado 17, domingo 18 y lunes 19. Daniel Boaglio y Carlos Giuliani culminaron en lo m\u00e1s alto del podio. Encabezamos el informe de la importante organizaci\u00f3n en etapas corrida el \u00faltimo fin de semana largo en el Aut\u00f3dromo Eusebio [&hellip;]<\/p>\n","protected":false},"author":4,"featured_media":44013,"comment_status":"open","ping_status":"closed","sticky":false,"template":"","format":"standard","meta":{"om_disable_all_campaigns":false,"_jetpack_memberships_contains_paid_content":false,"footnotes":""},"categories":[5],"tags":[],"class_list":["post-44011","post","type-post","status-publish","format-standard","has-post-thumbnail","hentry","category-deportes"],"aioseo_notices":[],"gutentor_comment":0,"jetpack_featured_media_url":"https:\/\/eldiariodesanpedro.com.ar\/sitio\/wp-content\/uploads\/2018\/11\/FOTO-3-BOAGLIO-1.jpg","jetpack_shortlink":"https:\/\/wp.me\/p6RhLt-brR","jetpack_sharing_enabled":true,"_links":{"self":[{"href":"https:\/\/eldiariodesanpedro.com.ar\/sitio\/wp-json\/wp\/v2\/posts\/44011","targetHints":{"allow":["GET"]}}],"collection":[{"href":"https:\/\/eldiariodesanpedro.com.ar\/sitio\/wp-json\/wp\/v2\/posts"}],"about":[{"href":"https:\/\/eldiariodesanpedro.com.ar\/sitio\/wp-json\/wp\/v2\/types\/post"}],"author":[{"embeddable":true,"href":"https:\/\/eldiariodesanpedro.com.ar\/sitio\/wp-json\/wp\/v2\/users\/4"}],"replies":[{"embeddable":true,"href":"https:\/\/eldiariodesanpedro.com.ar\/sitio\/wp-json\/wp\/v2\/comments?post=44011"}],"version-history":[{"count":1,"href":"https:\/\/eldiariodesanpedro.com.ar\/sitio\/wp-json\/wp\/v2\/posts\/44011\/revisions"}],"predecessor-version":[{"id":44015,"href":"https:\/\/eldiariodesanpedro.com.ar\/sitio\/wp-json\/wp\/v2\/posts\/44011\/revisions\/44015"}],"wp:featuredmedia":[{"embeddable":true,"href":"https:\/\/eldiariodesanpedro.com.ar\/sitio\/wp-json\/wp\/v2\/media\/44013"}],"wp:attachment":[{"href":"https:\/\/eldiariodesanpedro.com.ar\/sitio\/wp-json\/wp\/v2\/media?parent=44011"}],"wp:term":[{"taxonomy":"category","embeddable":true,"href":"https:\/\/eldiariodesanpedro.com.ar\/sitio\/wp-json\/wp\/v2\/categories?post=44011"},{"taxonomy":"post_tag","embeddable":true,"href":"https:\/\/eldiariodesanpedro.com.ar\/sitio\/wp-json\/wp\/v2\/tags?post=44011"}],"curies":[{"name":"wp","href":"https:\/\/api.w.org\/{rel}","templated":true}]}}