{"id":44005,"date":"2018-11-22T20:57:57","date_gmt":"2018-11-22T23:57:57","guid":{"rendered":"https:\/\/eldiariodesanpedro.com.ar\/sitio\/?p=44005"},"modified":"2026-01-24T00:08:57","modified_gmt":"2026-01-24T03:08:57","slug":"natacion-maximiliano-rosello-y-carolina-falco-viajaron-con-el-seleccionado-de-fannba","status":"publish","type":"post","link":"https:\/\/eldiariodesanpedro.com.ar\/sitio\/natacion-maximiliano-rosello-y-carolina-falco-viajaron-con-el-seleccionado-de-fannba\/","title":{"rendered":"NATACION: Maximiliano Rosell\u00f3 y Carolina Falco viajaron con el seleccionado de FANNBA"},"content":{"rendered":"<p><!-- VideographyWP Plugin Message: Automatic video embedding prevented by plugin options. --><br \/>\nEste jueves parti\u00f3 desde Aeroparque Metropolitano el seleccionado de Juveniles que participar\u00e1 en el Campeonato de Verano de la Federaci\u00f3n Aqu\u00e1tica Paulista. Las pr\u00f3ximas semanas partir\u00e1n los Petiz y los Infantiles a los restantes campeonatos.<br \/>\nLos sampedrinos Maximiliano Rosell\u00f3-flamante ganador de la marat\u00f3n acu\u00e1tica Vuelta de Obligado-San Pedro y  Carolina Falco, de gran actuaci\u00f3n durante el a\u00f1o en Fannba, ambos del club Pescadores,  son parte de la extensa delegaci\u00f3n de la Federaci\u00f3n de Nataci\u00f3n que competir\u00e1 con un selectivo.<br \/>\nLo har\u00e1n en el CAMPEONATO PAULISTA JUNIOR E S\u00caNIOR DE VER\u00c3O \u2013 2018 XX TROF\u00c9U ALBERTO<br \/>\nMARTIN PEREZ, Juvenil 2 (2001-2000), Junior (1999-1997) y Mayor (1996 en adelante) en el ESPORTE CLUBE PINHEIROS \u2013 Ciudad de SAN PABLO \u2013 Estado de SAN PABLO \u2013 BRASIL,<br \/>\nCompetencia: del 23 a 25\/11\/2018.<\/p>\n<p><strong>La delegaci\u00f3n estar\u00e1 compuesta por:<\/strong><br \/>\nAscaso, Gabriel \u2013 Kenny Lautaro \u2013 Rosello Maximiliano \u2013 Mart\u00ednez, Nicol\u00e1s \u2013 Chaparro, Sebasti\u00e1n \u2013 Giachello, Lucas \u2013 Zanche, Melanie \u2013 Barbeito, Martina \u2013 Bonessa, Florencia \u2013 Bustos, Candela \u2013 Dadamio, Micaela \u2013 Modarelli, Emilia \u2013 Falco Carolina \u2013 Nieves, Candela<br \/>\nJede de equipo: del Arco, Mario.<br \/>\nEntrenadores y delegados: Bucci, Ezequiel y Nizoli, Guillermo.<\/p>\n","protected":false},"excerpt":{"rendered":"<p>Este jueves parti\u00f3 desde Aeroparque Metropolitano el seleccionado de Juveniles que participar\u00e1 en el Campeonato de Verano de la Federaci\u00f3n Aqu\u00e1tica Paulista. Las pr\u00f3ximas semanas partir\u00e1n los Petiz y los Infantiles a los restantes campeonatos. Los sampedrinos Maximiliano Rosell\u00f3-flamante ganador de la marat\u00f3n acu\u00e1tica Vuelta de Obligado-San Pedro y Carolina Falco, de gran actuaci\u00f3n durante [&hellip;]<\/p>\n","protected":false},"author":4,"featured_media":18906,"comment_status":"open","ping_status":"closed","sticky":false,"template":"","format":"standard","meta":{"om_disable_all_campaigns":false,"_jetpack_memberships_contains_paid_content":false,"footnotes":""},"categories":[5],"tags":[],"class_list":["post-44005","post","type-post","status-publish","format-standard","has-post-thumbnail","hentry","category-deportes"],"aioseo_notices":[],"gutentor_comment":0,"jetpack_featured_media_url":"https:\/\/eldiariodesanpedro.com.ar\/sitio\/wp-content\/uploads\/2017\/05\/natacion_1.jpg","jetpack_shortlink":"https:\/\/wp.me\/p6RhLt-brL","jetpack_sharing_enabled":true,"_links":{"self":[{"href":"https:\/\/eldiariodesanpedro.com.ar\/sitio\/wp-json\/wp\/v2\/posts\/44005","targetHints":{"allow":["GET"]}}],"collection":[{"href":"https:\/\/eldiariodesanpedro.com.ar\/sitio\/wp-json\/wp\/v2\/posts"}],"about":[{"href":"https:\/\/eldiariodesanpedro.com.ar\/sitio\/wp-json\/wp\/v2\/types\/post"}],"author":[{"embeddable":true,"href":"https:\/\/eldiariodesanpedro.com.ar\/sitio\/wp-json\/wp\/v2\/users\/4"}],"replies":[{"embeddable":true,"href":"https:\/\/eldiariodesanpedro.com.ar\/sitio\/wp-json\/wp\/v2\/comments?post=44005"}],"version-history":[{"count":1,"href":"https:\/\/eldiariodesanpedro.com.ar\/sitio\/wp-json\/wp\/v2\/posts\/44005\/revisions"}],"predecessor-version":[{"id":44010,"href":"https:\/\/eldiariodesanpedro.com.ar\/sitio\/wp-json\/wp\/v2\/posts\/44005\/revisions\/44010"}],"wp:featuredmedia":[{"embeddable":true,"href":"https:\/\/eldiariodesanpedro.com.ar\/sitio\/wp-json\/wp\/v2\/media\/18906"}],"wp:attachment":[{"href":"https:\/\/eldiariodesanpedro.com.ar\/sitio\/wp-json\/wp\/v2\/media?parent=44005"}],"wp:term":[{"taxonomy":"category","embeddable":true,"href":"https:\/\/eldiariodesanpedro.com.ar\/sitio\/wp-json\/wp\/v2\/categories?post=44005"},{"taxonomy":"post_tag","embeddable":true,"href":"https:\/\/eldiariodesanpedro.com.ar\/sitio\/wp-json\/wp\/v2\/tags?post=44005"}],"curies":[{"name":"wp","href":"https:\/\/api.w.org\/{rel}","templated":true}]}}