{"id":44000,"date":"2018-11-22T20:40:49","date_gmt":"2018-11-22T23:40:49","guid":{"rendered":"https:\/\/eldiariodesanpedro.com.ar\/sitio\/?p=44000"},"modified":"2018-11-22T20:40:49","modified_gmt":"2018-11-22T23:40:49","slug":"zarate-incautaron-importante-cantidad-de-marihuana-en-la-rotonda-de-zarate","status":"publish","type":"post","link":"https:\/\/eldiariodesanpedro.com.ar\/sitio\/zarate-incautaron-importante-cantidad-de-marihuana-en-la-rotonda-de-zarate\/","title":{"rendered":"Z\u00c1RATE: Incautaron importante cantidad de marihuana en la rotonda de Z\u00e1rate"},"content":{"rendered":"<p><!-- VideographyWP Plugin Message: Automatic video embedding prevented by plugin options. --><br \/>\nEl veh\u00edculo habr\u00eda salido de Brasil. Gendarmer\u00eda incaut\u00f3 m\u00e1s de 200 kg de droga escondidos en el acoplado y detuvo a sus dos ocupantes.<br \/>\nEl procedimiento estuvo a cargo de la delegaci\u00f3n de Narcotr\u00e1fico Moreno \u2013 Rodr\u00edguez.<br \/>\nEn la rotonda de Z\u00e1rate interceptaron dos camioNes provenientes de Brasil, con cargamento de marihuana. Los primeros resultados hablan de toneladas, a\u00fan sin confirmaci\u00f3n precisa.<\/p>\n<p>Fuente: Enlace Critico<\/p>\n","protected":false},"excerpt":{"rendered":"<p>El veh\u00edculo habr\u00eda salido de Brasil. Gendarmer\u00eda incaut\u00f3 m\u00e1s de 200 kg de droga escondidos en el acoplado y detuvo a sus dos ocupantes. El procedimiento estuvo a cargo de la delegaci\u00f3n de Narcotr\u00e1fico Moreno \u2013 Rodr\u00edguez. En la rotonda de Z\u00e1rate interceptaron dos camioNes provenientes de Brasil, con cargamento de marihuana. Los primeros resultados [&hellip;]<\/p>\n","protected":false},"author":4,"featured_media":44002,"comment_status":"open","ping_status":"closed","sticky":false,"template":"","format":"standard","meta":{"om_disable_all_campaigns":false,"_jetpack_memberships_contains_paid_content":false,"footnotes":""},"categories":[621],"tags":[],"class_list":["post-44000","post","type-post","status-publish","format-standard","has-post-thumbnail","hentry","category-regionales"],"aioseo_notices":[],"gutentor_comment":0,"jetpack_featured_media_url":"https:\/\/eldiariodesanpedro.com.ar\/sitio\/wp-content\/uploads\/2018\/11\/PAGINA-6-9.jpg","jetpack_shortlink":"https:\/\/wp.me\/p6RhLt-brG","jetpack_sharing_enabled":true,"_links":{"self":[{"href":"https:\/\/eldiariodesanpedro.com.ar\/sitio\/wp-json\/wp\/v2\/posts\/44000","targetHints":{"allow":["GET"]}}],"collection":[{"href":"https:\/\/eldiariodesanpedro.com.ar\/sitio\/wp-json\/wp\/v2\/posts"}],"about":[{"href":"https:\/\/eldiariodesanpedro.com.ar\/sitio\/wp-json\/wp\/v2\/types\/post"}],"author":[{"embeddable":true,"href":"https:\/\/eldiariodesanpedro.com.ar\/sitio\/wp-json\/wp\/v2\/users\/4"}],"replies":[{"embeddable":true,"href":"https:\/\/eldiariodesanpedro.com.ar\/sitio\/wp-json\/wp\/v2\/comments?post=44000"}],"version-history":[{"count":1,"href":"https:\/\/eldiariodesanpedro.com.ar\/sitio\/wp-json\/wp\/v2\/posts\/44000\/revisions"}],"predecessor-version":[{"id":44003,"href":"https:\/\/eldiariodesanpedro.com.ar\/sitio\/wp-json\/wp\/v2\/posts\/44000\/revisions\/44003"}],"wp:featuredmedia":[{"embeddable":true,"href":"https:\/\/eldiariodesanpedro.com.ar\/sitio\/wp-json\/wp\/v2\/media\/44002"}],"wp:attachment":[{"href":"https:\/\/eldiariodesanpedro.com.ar\/sitio\/wp-json\/wp\/v2\/media?parent=44000"}],"wp:term":[{"taxonomy":"category","embeddable":true,"href":"https:\/\/eldiariodesanpedro.com.ar\/sitio\/wp-json\/wp\/v2\/categories?post=44000"},{"taxonomy":"post_tag","embeddable":true,"href":"https:\/\/eldiariodesanpedro.com.ar\/sitio\/wp-json\/wp\/v2\/tags?post=44000"}],"curies":[{"name":"wp","href":"https:\/\/api.w.org\/{rel}","templated":true}]}}