{"id":43998,"date":"2018-11-22T20:40:04","date_gmt":"2018-11-22T23:40:04","guid":{"rendered":"https:\/\/eldiariodesanpedro.com.ar\/sitio\/?p=43998"},"modified":"2018-11-23T10:05:05","modified_gmt":"2018-11-23T13:05:05","slug":"campana-visitante-y-visitado-causaron-desmanes-en-unidad-penitenciaria-n21","status":"publish","type":"post","link":"https:\/\/eldiariodesanpedro.com.ar\/sitio\/campana-visitante-y-visitado-causaron-desmanes-en-unidad-penitenciaria-n21\/","title":{"rendered":"CAMPANA: Visitante y visitado causaron desmanes en Unidad Penitenciaria N\u00b041"},"content":{"rendered":"<p><!-- VideographyWP Plugin Message: Automatic video embedding prevented by plugin options. --><br \/>\nUna mujer intent\u00f3 ingresar con una menor a visitar a un interno, pero el acceso fue rechazado por falta de documentaci\u00f3n. Entonces, comenz\u00f3 a ocasionar da\u00f1os en el sector de visitas y fue detenida. Al enterarse de lo ocurrido, el recluso atac\u00f3 a varios guardiac\u00e1rceles con un arma tumbera, hiriendo a uno de ellos.<br \/>\nEl oficial herido fue asistido por m\u00e9dicos del Penal, y luego derivado a la Cl\u00ednica Delta.<br \/>\nUn violento episodio se origin\u00f3 en la Unidad Penitenciaria N\u00b041, del complejo carcelario local, en donde un efectivo que brinda seguridad en el lugar result\u00f3 herido.<br \/>\nAl parecer, y seg\u00fan relataron fuentes extraoficiales a Campana Noticias, cerca de las 9:30 horas se gener\u00f3 una discusi\u00f3n en el acceso de visitas, cuando una mujer intentaba ingresar junto a una menor a ver a un interno.<br \/>\nAl parecer, no contar\u00eda con la documentaci\u00f3n exigida, y teniendo en cuenta hechos anteriores donde hubo denuncias de abuso a una menor por parte de un interno, las autoridades habr\u00edan impedido el ingreso. Esto molest\u00f3 a la mujer, quien comenz\u00f3 a ocasionar destrozos en el \u00e1rea en cuesti\u00f3n, insultando al personal femenino encargado del lugar.<br \/>\nUn m\u00f3vil policial se hizo presente en el lugar, deteniendo a la mujer. Sin embargo, todo continu\u00f3 en el interior del penal, cuando el recluso se enter\u00f3 de lo ocurrido.<br \/>\nSeg\u00fan trascendi\u00f3, cuando personal del Servicio Penitenciario abri\u00f3 el port\u00f3n del pabell\u00f3n 11, el interno atac\u00f3 con una especie de arma tumbera (ser\u00eda un palo con una faca en la punta), hiriendo en la frente a uno de los efectivos.<br \/>\nEl violento sujeto fue reducido mediante el uso de balas de goma, informaron fuentes reservadas, siendo traslado al \u00e1rea de sanidad. Por otra parte, el oficial herido fue asistido por m\u00e9dicos del Penal, y luego derivado a la Cl\u00ednica Delta de nuestra Ciudad.<\/p>\n<p>Fuente: Campana Noticias<\/p>\n","protected":false},"excerpt":{"rendered":"<p>Una mujer intent\u00f3 ingresar con una menor a visitar a un interno, pero el acceso fue rechazado por falta de documentaci\u00f3n. Entonces, comenz\u00f3 a ocasionar da\u00f1os en el sector de visitas y fue detenida. Al enterarse de lo ocurrido, el recluso atac\u00f3 a varios guardiac\u00e1rceles con un arma tumbera, hiriendo a uno de ellos. El [&hellip;]<\/p>\n","protected":false},"author":4,"featured_media":43999,"comment_status":"open","ping_status":"closed","sticky":false,"template":"","format":"standard","meta":{"om_disable_all_campaigns":false,"_jetpack_memberships_contains_paid_content":false,"footnotes":""},"categories":[621],"tags":[],"class_list":["post-43998","post","type-post","status-publish","format-standard","has-post-thumbnail","hentry","category-regionales"],"aioseo_notices":[],"gutentor_comment":0,"jetpack_featured_media_url":"https:\/\/eldiariodesanpedro.com.ar\/sitio\/wp-content\/uploads\/2018\/11\/Unidad-Penitenciaria-N21.jpg","jetpack_shortlink":"https:\/\/wp.me\/p6RhLt-brE","jetpack_sharing_enabled":true,"_links":{"self":[{"href":"https:\/\/eldiariodesanpedro.com.ar\/sitio\/wp-json\/wp\/v2\/posts\/43998","targetHints":{"allow":["GET"]}}],"collection":[{"href":"https:\/\/eldiariodesanpedro.com.ar\/sitio\/wp-json\/wp\/v2\/posts"}],"about":[{"href":"https:\/\/eldiariodesanpedro.com.ar\/sitio\/wp-json\/wp\/v2\/types\/post"}],"author":[{"embeddable":true,"href":"https:\/\/eldiariodesanpedro.com.ar\/sitio\/wp-json\/wp\/v2\/users\/4"}],"replies":[{"embeddable":true,"href":"https:\/\/eldiariodesanpedro.com.ar\/sitio\/wp-json\/wp\/v2\/comments?post=43998"}],"version-history":[{"count":3,"href":"https:\/\/eldiariodesanpedro.com.ar\/sitio\/wp-json\/wp\/v2\/posts\/43998\/revisions"}],"predecessor-version":[{"id":44036,"href":"https:\/\/eldiariodesanpedro.com.ar\/sitio\/wp-json\/wp\/v2\/posts\/43998\/revisions\/44036"}],"wp:featuredmedia":[{"embeddable":true,"href":"https:\/\/eldiariodesanpedro.com.ar\/sitio\/wp-json\/wp\/v2\/media\/43999"}],"wp:attachment":[{"href":"https:\/\/eldiariodesanpedro.com.ar\/sitio\/wp-json\/wp\/v2\/media?parent=43998"}],"wp:term":[{"taxonomy":"category","embeddable":true,"href":"https:\/\/eldiariodesanpedro.com.ar\/sitio\/wp-json\/wp\/v2\/categories?post=43998"},{"taxonomy":"post_tag","embeddable":true,"href":"https:\/\/eldiariodesanpedro.com.ar\/sitio\/wp-json\/wp\/v2\/tags?post=43998"}],"curies":[{"name":"wp","href":"https:\/\/api.w.org\/{rel}","templated":true}]}}