{"id":43993,"date":"2018-11-22T20:36:56","date_gmt":"2018-11-22T23:36:56","guid":{"rendered":"https:\/\/eldiariodesanpedro.com.ar\/sitio\/?p=43993"},"modified":"2018-11-22T20:36:56","modified_gmt":"2018-11-22T23:36:56","slug":"provincia-bancarios-anunciaron-un-paro-de-24-horas-para-este-viernes-en-todo-el-pais","status":"publish","type":"post","link":"https:\/\/eldiariodesanpedro.com.ar\/sitio\/provincia-bancarios-anunciaron-un-paro-de-24-horas-para-este-viernes-en-todo-el-pais\/","title":{"rendered":"PROVINCIA: Bancarios anunciaron un paro de 24 horas para este viernes en todo el pa\u00eds"},"content":{"rendered":"<p><!-- VideographyWP Plugin Message: Automatic video embedding prevented by plugin options. --><br \/>\nLa Asociaci\u00f3n Bancaria (AB) decret\u00f3 un paro de actividades para este viernes en los bancos de todo el pa\u00eds que no hayan abonado a sus trabajadores el aumento del 12% acordado a partir del 1 de octubre.<br \/>\n\u201cNo hay excusas para los bancos que no han actualizado como se establece coherentemente con el acuerdo paritario de abril, el salario a partir del 1 de octubre\u201d, se\u00f1ala un comunicado firmado por el titular de la AB, Sergio Palazzo.<br \/>\nEn el texto se indica que \u201cuna amplia mayor\u00eda de las entidades y c\u00e1maras empresarias han respetado lo acordado. Incluso entidades de la c\u00e1mara ABAPPRA que junto al Banco Central no lo han hecho. Ello supone de acuerdo a la legislaci\u00f3n vigente la validez de la actualizaci\u00f3n salarial suscripta para toda la actividad\u201d.<br \/>\nEn ese marco, la Bancaria inform\u00f3 que \u201cse convoca a un paro de 24 horas en todo el pa\u00eds a partir de las cero horas de este viernes 23 de noviembre en las entidades que se niegan a la actualizaci\u00f3n\u201d.<br \/>\nA principios de mes, la AB logr\u00f3 con las c\u00e1maras ABA y ADEBA un aumento del 12% que reg\u00eda desde el 1 de octubre y estaba previsto que se cobrar\u00e1 antes del 15 de noviembre, elevando su paritaria anual al 40%.<\/p>\n<p>Fuente: Enlace Critico<\/p>\n","protected":false},"excerpt":{"rendered":"<p>La Asociaci\u00f3n Bancaria (AB) decret\u00f3 un paro de actividades para este viernes en los bancos de todo el pa\u00eds que no hayan abonado a sus trabajadores el aumento del 12% acordado a partir del 1 de octubre. \u201cNo hay excusas para los bancos que no han actualizado como se establece coherentemente con el acuerdo paritario [&hellip;]<\/p>\n","protected":false},"author":4,"featured_media":43995,"comment_status":"open","ping_status":"closed","sticky":false,"template":"","format":"standard","meta":{"om_disable_all_campaigns":false,"_jetpack_memberships_contains_paid_content":false,"footnotes":""},"categories":[621],"tags":[],"class_list":["post-43993","post","type-post","status-publish","format-standard","has-post-thumbnail","hentry","category-regionales"],"aioseo_notices":[],"gutentor_comment":0,"jetpack_featured_media_url":"https:\/\/eldiariodesanpedro.com.ar\/sitio\/wp-content\/uploads\/2018\/11\/escorias-nuevo-paro-bancario.jpg","jetpack_shortlink":"https:\/\/wp.me\/p6RhLt-brz","jetpack_sharing_enabled":true,"_links":{"self":[{"href":"https:\/\/eldiariodesanpedro.com.ar\/sitio\/wp-json\/wp\/v2\/posts\/43993","targetHints":{"allow":["GET"]}}],"collection":[{"href":"https:\/\/eldiariodesanpedro.com.ar\/sitio\/wp-json\/wp\/v2\/posts"}],"about":[{"href":"https:\/\/eldiariodesanpedro.com.ar\/sitio\/wp-json\/wp\/v2\/types\/post"}],"author":[{"embeddable":true,"href":"https:\/\/eldiariodesanpedro.com.ar\/sitio\/wp-json\/wp\/v2\/users\/4"}],"replies":[{"embeddable":true,"href":"https:\/\/eldiariodesanpedro.com.ar\/sitio\/wp-json\/wp\/v2\/comments?post=43993"}],"version-history":[{"count":1,"href":"https:\/\/eldiariodesanpedro.com.ar\/sitio\/wp-json\/wp\/v2\/posts\/43993\/revisions"}],"predecessor-version":[{"id":43997,"href":"https:\/\/eldiariodesanpedro.com.ar\/sitio\/wp-json\/wp\/v2\/posts\/43993\/revisions\/43997"}],"wp:featuredmedia":[{"embeddable":true,"href":"https:\/\/eldiariodesanpedro.com.ar\/sitio\/wp-json\/wp\/v2\/media\/43995"}],"wp:attachment":[{"href":"https:\/\/eldiariodesanpedro.com.ar\/sitio\/wp-json\/wp\/v2\/media?parent=43993"}],"wp:term":[{"taxonomy":"category","embeddable":true,"href":"https:\/\/eldiariodesanpedro.com.ar\/sitio\/wp-json\/wp\/v2\/categories?post=43993"},{"taxonomy":"post_tag","embeddable":true,"href":"https:\/\/eldiariodesanpedro.com.ar\/sitio\/wp-json\/wp\/v2\/tags?post=43993"}],"curies":[{"name":"wp","href":"https:\/\/api.w.org\/{rel}","templated":true}]}}