{"id":43992,"date":"2018-11-22T20:36:20","date_gmt":"2018-11-22T23:36:20","guid":{"rendered":"https:\/\/eldiariodesanpedro.com.ar\/sitio\/?p=43992"},"modified":"2018-11-22T20:36:20","modified_gmt":"2018-11-22T23:36:20","slug":"zarate-la-detencion-de-un-peligroso-delincuente-fue-aprehendido-varias-veces-pero-siempre-quedo-en-libertad","status":"publish","type":"post","link":"https:\/\/eldiariodesanpedro.com.ar\/sitio\/zarate-la-detencion-de-un-peligroso-delincuente-fue-aprehendido-varias-veces-pero-siempre-quedo-en-libertad\/","title":{"rendered":"Z\u00c1RATE, La detenci\u00f3n de un peligroso delincuente: \u201cfue aprehendido varias veces pero siempre qued\u00f3 en libertad\u201d"},"content":{"rendered":"<p><!-- VideographyWP Plugin Message: Automatic video embedding prevented by plugin options. --><br \/>\nComo adelantamos en la ma\u00f1ana de este jueves, alrededor de la 1:30 hs. personal de Comisar\u00eda 1era. de Z\u00e1rate, Comando de Patrulla, Polic\u00eda Local y el Grupo de Apoyo Departamental (GAD), y dando cumplimiento a los operativos dispuestos por el Ministerio de Seguridad para prevenir el ataque de \u201cmotochorros\u201d, logr\u00f3 aprehender a un sujeto de 17 a\u00f1os ya reconocido como un peligroso delincuente de la localidad. El delincuente ya hab\u00eda sido detenido d\u00edas atr\u00e1s por Prefectura Naval pero a las pocas horas recobr\u00f3 la libertad. Se lo investiga por centenares de robos de motos, utilizando armas de fuego.<br \/>\nEl aprehendido que responde al pseud\u00f3nimo de \u201cLa Rubia\u201d, \u201ces un conocido malviviente de la zona al que se le imputan varios delitos realizados con arma de fuego\u201d, se\u00f1alaba un referente de la cartera de seguridad bonaerense en la zona.<br \/>\n\u201cEn varias ocasiones fue aprehendido e incluso allanado varios domicilios donde paraba y por motivos no inherentes a las esferas policiales la Justicia Juvenil decide ponerlo nuevamente en las calles\u201d, afirmaba ante la consulta de porque no se hab\u00eda podido cortar su carrera delictiva.<br \/>\n\u201cUna vez m\u00e1s queda a las claras que la seguridad se inicia por un dictamen judicial que proteja a los ciudadanos de bien sacando de las calles reincidentes cr\u00f3nicos\u201d, remarc\u00f3 la fuente consultada.<br \/>\nEn el momento de la detenci\u00f3n del menor junto a un c\u00f3mplice, llevaba un rev\u00f3lver cargado y al menos una munici\u00f3n percutada; estiman que es la que dispar\u00f3 contra personal policial d\u00edas atr\u00e1s.<br \/>\nSeg\u00fan se constat\u00f3, asegur\u00f3 la fuente, posee un frondoso prontuario delictivo relacionado a la sustracci\u00f3n de bienes.<\/p>\n<p>Fuente: Enlace Critico<\/p>\n","protected":false},"excerpt":{"rendered":"<p>Como adelantamos en la ma\u00f1ana de este jueves, alrededor de la 1:30 hs. personal de Comisar\u00eda 1era. de Z\u00e1rate, Comando de Patrulla, Polic\u00eda Local y el Grupo de Apoyo Departamental (GAD), y dando cumplimiento a los operativos dispuestos por el Ministerio de Seguridad para prevenir el ataque de \u201cmotochorros\u201d, logr\u00f3 aprehender a un sujeto de [&hellip;]<\/p>\n","protected":false},"author":4,"featured_media":43994,"comment_status":"open","ping_status":"closed","sticky":false,"template":"","format":"standard","meta":{"om_disable_all_campaigns":false,"_jetpack_memberships_contains_paid_content":false,"footnotes":""},"categories":[621],"tags":[],"class_list":["post-43992","post","type-post","status-publish","format-standard","has-post-thumbnail","hentry","category-regionales"],"aioseo_notices":[],"gutentor_comment":0,"jetpack_featured_media_url":"https:\/\/eldiariodesanpedro.com.ar\/sitio\/wp-content\/uploads\/2018\/11\/La-detenci\u00f3n-de-un-peligroso-delincuente.jpg","jetpack_shortlink":"https:\/\/wp.me\/p6RhLt-bry","jetpack_sharing_enabled":true,"_links":{"self":[{"href":"https:\/\/eldiariodesanpedro.com.ar\/sitio\/wp-json\/wp\/v2\/posts\/43992","targetHints":{"allow":["GET"]}}],"collection":[{"href":"https:\/\/eldiariodesanpedro.com.ar\/sitio\/wp-json\/wp\/v2\/posts"}],"about":[{"href":"https:\/\/eldiariodesanpedro.com.ar\/sitio\/wp-json\/wp\/v2\/types\/post"}],"author":[{"embeddable":true,"href":"https:\/\/eldiariodesanpedro.com.ar\/sitio\/wp-json\/wp\/v2\/users\/4"}],"replies":[{"embeddable":true,"href":"https:\/\/eldiariodesanpedro.com.ar\/sitio\/wp-json\/wp\/v2\/comments?post=43992"}],"version-history":[{"count":1,"href":"https:\/\/eldiariodesanpedro.com.ar\/sitio\/wp-json\/wp\/v2\/posts\/43992\/revisions"}],"predecessor-version":[{"id":43996,"href":"https:\/\/eldiariodesanpedro.com.ar\/sitio\/wp-json\/wp\/v2\/posts\/43992\/revisions\/43996"}],"wp:featuredmedia":[{"embeddable":true,"href":"https:\/\/eldiariodesanpedro.com.ar\/sitio\/wp-json\/wp\/v2\/media\/43994"}],"wp:attachment":[{"href":"https:\/\/eldiariodesanpedro.com.ar\/sitio\/wp-json\/wp\/v2\/media?parent=43992"}],"wp:term":[{"taxonomy":"category","embeddable":true,"href":"https:\/\/eldiariodesanpedro.com.ar\/sitio\/wp-json\/wp\/v2\/categories?post=43992"},{"taxonomy":"post_tag","embeddable":true,"href":"https:\/\/eldiariodesanpedro.com.ar\/sitio\/wp-json\/wp\/v2\/tags?post=43992"}],"curies":[{"name":"wp","href":"https:\/\/api.w.org\/{rel}","templated":true}]}}