{"id":43982,"date":"2018-11-22T16:24:22","date_gmt":"2018-11-22T19:24:22","guid":{"rendered":"https:\/\/eldiariodesanpedro.com.ar\/sitio\/?p=43982"},"modified":"2018-11-22T16:24:22","modified_gmt":"2018-11-22T19:24:22","slug":"municipales-ultima-reunion-del-ano-acordaron-un-aumento-final-del-125","status":"publish","type":"post","link":"https:\/\/eldiariodesanpedro.com.ar\/sitio\/municipales-ultima-reunion-del-ano-acordaron-un-aumento-final-del-125\/","title":{"rendered":"Municipales: Ultima reuni\u00f3n del a\u00f1o, acordaron un aumento final del 12,5%"},"content":{"rendered":"<p><!-- VideographyWP Plugin Message: Automatic video embedding prevented by plugin options. --><br \/>\nEste mi\u00e9rcoles, volvieron a reunirse los sindicatos municipales con gente del Ejecutivo, en lo que seria, la ultima reuni\u00f3n del a\u00f1o sobre discusi\u00f3n salarial. La negociaci\u00f3n ya esta firmada y hasta febrero de 2019, no volver\u00e1n a discutir un nuevo aumento.<\/p>\n<p>Recordemos que luego de tantas idas y vueltas, discusiones, paros y retenciones de tareas, entre sindicalistas y funcionarios, el viernes en una mesa de reuni\u00f3n laboral, el gobierno les habr\u00eda ofrecido un aumento del 10 por ciento y un bono de fin de a\u00f1o de 2 mil pesos.<\/p>\n<p>Los gremios al no aceptar la propuesta, pasar\u00edan a un cuarto intermedio luego de que el Secretario de Coordinaci\u00f3n, les hiciera un ultimo ofrecimiento &#8230; un aumento del 12,5% final.<\/p>\n<p>As\u00ed fue como, los representantes sindicales de los trabajadores municipales y el gobierno de Cecilio Salazar volvieron a reunirse este mi\u00e9rcoles.<\/p>\n<p>El Sindicato de Trabajadores  que conduce Juan Cruz Acosta, acept\u00f3 la propuesta planteada desde el Ejecutivo: un aumento del 12,5 por ciento a cobrar con el sueldo de diciembre, es decir en enero, pero que impacta en el aguinaldo, y que deja sin efecto la propuesta de bono de fin de a\u00f1o.<\/p>\n<p>Por otro lado, ATE, firmo el acta pero no estuvo de acuerdo con el aumento salarial, en dialogo con su representante, Gustavo Gauna, dijo: \u00abentendimos que la propuesta era mejor que el bono de 2000 pesos que \u00edbamos a cobrar en enero, pero  nos sigui\u00f3 pareciendo insuficiente el monto con respecto a la inflaci\u00f3n sumado a que en las asambleas los afiliados, que en un primer momento estaban dispuestos a aceptarla, la mayor\u00eda habr\u00edan decidido un 15% de aumento mas\u00bb.<\/p>\n<p>Tambi\u00e9n en entrevista con Ram\u00f3n Salazar nos explico los detalles de la reuni\u00f3n: \u00abTuvimos la ultima reuni\u00f3n paritaria, por suerte pudimos arreglar el ultimo aumento para  los trabajadores que se va a pagar ahora a fin de a\u00f1o, es una buena noticia para todos, sabemos que esperaban un poco mas, pero como municipios estamos muy complicados, ya a mitad de a\u00f1o con el avance de la inflaci\u00f3n, la suba del dolar, tuvimos que  sacar fondos de donde no ten\u00edamos, nos van a dar un adelanto de coparticipacion en enero que nos va a servir para cubrir el aguinaldo y el aumento que les vamos a dar a los empleados\u00bb<\/p>\n<p>\u00abCon respecto a la negativa de ATE expreso: \u00abpor la ma\u00f1ana los afiliados supuestamente hab\u00edan aceptado pero mas tarde la votaci\u00f3n se fue dando vuelta y por  mayor\u00eda decidieron no aceptar la propuesta, la realidad es que el sindicato de trabajadores de Acosta tiene tres representantes y ATE tiene dos, en definitiva se acepto la propuesta por mayor\u00eda\u00bb.<\/p>\n<p>\u00abEstamos en una situaci\u00f3n complicada, este aumento al municipio le cuesta un gasto de 5 millones de pesos mas por mes, sabemos que es justo que al trabajador se le aumente, mas con la inflaci\u00f3n que tenemos pero tambi\u00e9n a nosotros nos pone en una situaci\u00f3n complicada donde tenemos que juntar todos los par\u00e1metros para cumplir con todo lo que la gente necesita, con los trabajadores, en el hospital, en obras publicas y todo lo que se requiere del Municipio\u00bb.<\/p>\n<p>Por \u00faltimo, ninguno de los dos sindicatos dejaron de mencionar el pedido urgente de pase a planta permanente de los empleados con m\u00e1s de 12 meses de antig\u00fcedad y que se otorgue la m\u00e1xima categor\u00eda de su encuadre a cada trabajador a quien le falten 3 a\u00f1os para jubilarse, que por ahora no ha podido cumplirse.<\/p>\n","protected":false},"excerpt":{"rendered":"<p>Este mi\u00e9rcoles, volvieron a reunirse los sindicatos municipales con gente del Ejecutivo, en lo que seria, la ultima reuni\u00f3n del a\u00f1o sobre discusi\u00f3n salarial. La negociaci\u00f3n ya esta firmada y hasta febrero de 2019, no volver\u00e1n a discutir un nuevo aumento. Recordemos que luego de tantas idas y vueltas, discusiones, paros y retenciones de tareas, [&hellip;]<\/p>\n","protected":false},"author":4,"featured_media":4495,"comment_status":"open","ping_status":"closed","sticky":false,"template":"","format":"standard","meta":{"om_disable_all_campaigns":false,"_jetpack_memberships_contains_paid_content":false,"footnotes":""},"categories":[50,2,102],"tags":[],"class_list":["post-43982","post","type-post","status-publish","format-standard","has-post-thumbnail","hentry","category-destacadas","category-locales","category-politica-locales"],"aioseo_notices":[],"gutentor_comment":0,"jetpack_featured_media_url":"https:\/\/eldiariodesanpedro.com.ar\/sitio\/wp-content\/uploads\/2016\/05\/Municipalidad.jpg","jetpack_shortlink":"https:\/\/wp.me\/p6RhLt-bro","jetpack_sharing_enabled":true,"_links":{"self":[{"href":"https:\/\/eldiariodesanpedro.com.ar\/sitio\/wp-json\/wp\/v2\/posts\/43982","targetHints":{"allow":["GET"]}}],"collection":[{"href":"https:\/\/eldiariodesanpedro.com.ar\/sitio\/wp-json\/wp\/v2\/posts"}],"about":[{"href":"https:\/\/eldiariodesanpedro.com.ar\/sitio\/wp-json\/wp\/v2\/types\/post"}],"author":[{"embeddable":true,"href":"https:\/\/eldiariodesanpedro.com.ar\/sitio\/wp-json\/wp\/v2\/users\/4"}],"replies":[{"embeddable":true,"href":"https:\/\/eldiariodesanpedro.com.ar\/sitio\/wp-json\/wp\/v2\/comments?post=43982"}],"version-history":[{"count":1,"href":"https:\/\/eldiariodesanpedro.com.ar\/sitio\/wp-json\/wp\/v2\/posts\/43982\/revisions"}],"predecessor-version":[{"id":43989,"href":"https:\/\/eldiariodesanpedro.com.ar\/sitio\/wp-json\/wp\/v2\/posts\/43982\/revisions\/43989"}],"wp:featuredmedia":[{"embeddable":true,"href":"https:\/\/eldiariodesanpedro.com.ar\/sitio\/wp-json\/wp\/v2\/media\/4495"}],"wp:attachment":[{"href":"https:\/\/eldiariodesanpedro.com.ar\/sitio\/wp-json\/wp\/v2\/media?parent=43982"}],"wp:term":[{"taxonomy":"category","embeddable":true,"href":"https:\/\/eldiariodesanpedro.com.ar\/sitio\/wp-json\/wp\/v2\/categories?post=43982"},{"taxonomy":"post_tag","embeddable":true,"href":"https:\/\/eldiariodesanpedro.com.ar\/sitio\/wp-json\/wp\/v2\/tags?post=43982"}],"curies":[{"name":"wp","href":"https:\/\/api.w.org\/{rel}","templated":true}]}}