{"id":43974,"date":"2018-11-22T12:34:12","date_gmt":"2018-11-22T15:34:12","guid":{"rendered":"https:\/\/eldiariodesanpedro.com.ar\/sitio\/?p=43974"},"modified":"2018-11-22T12:34:12","modified_gmt":"2018-11-22T15:34:12","slug":"control-y-castracion-de-perros-en-via-publica","status":"publish","type":"post","link":"https:\/\/eldiariodesanpedro.com.ar\/sitio\/control-y-castracion-de-perros-en-via-publica\/","title":{"rendered":"Control  y castraci\u00f3n de perros en v\u00eda p\u00fablica"},"content":{"rendered":"<p><!-- VideographyWP Plugin Message: Automatic video embedding prevented by plugin options. --><br \/>\nEste viernes el Departamento Canino que depende de la Secretaria de Salud de la Municipalidad de San Pedro, iniciara plan de castraci\u00f3n, el mismo constara en primera instancia de la esterilizaci\u00f3n de aquellos animales que se encuentren en la v\u00eda p\u00fablica.<\/p>\n<p>Los procedimientos consistir\u00e1n en retiro del animal de la v\u00eda publica posterior castraci\u00f3n y control del mismo hasta el alta, vacunaci\u00f3n antirr\u00e1bica y tratamiento antiparasitario, as\u00ed mismo se tatuara al animal en la parte posterior de la oreja produciendo as\u00ed su correcta identificaci\u00f3n para realizar un correcto seguimiento.<\/p>\n<p>Se apela a la paciencia y comprensi\u00f3n de los vecinos ya que se intentar\u00e1 resolver en primer t\u00e9rmino aquellos problemas con perros agresivos que se encuentran en la v\u00eda p\u00fablica<\/p>\n","protected":false},"excerpt":{"rendered":"<p>Este viernes el Departamento Canino que depende de la Secretaria de Salud de la Municipalidad de San Pedro, iniciara plan de castraci\u00f3n, el mismo constara en primera instancia de la esterilizaci\u00f3n de aquellos animales que se encuentren en la v\u00eda p\u00fablica. Los procedimientos consistir\u00e1n en retiro del animal de la v\u00eda publica posterior castraci\u00f3n y [&hellip;]<\/p>\n","protected":false},"author":4,"featured_media":43976,"comment_status":"open","ping_status":"closed","sticky":false,"template":"","format":"standard","meta":{"om_disable_all_campaigns":false,"_jetpack_memberships_contains_paid_content":false,"footnotes":""},"categories":[101,2],"tags":[],"class_list":["post-43974","post","type-post","status-publish","format-standard","has-post-thumbnail","hentry","category-interes-general-locales","category-locales"],"aioseo_notices":[],"gutentor_comment":0,"jetpack_featured_media_url":"https:\/\/eldiariodesanpedro.com.ar\/sitio\/wp-content\/uploads\/2018\/11\/20170702145150_20170629113456_126454_una_nena_fue_ataca_por_una_jauria_de_perros_y_se_encuentra_en_grave_estado_1.jpg","jetpack_shortlink":"https:\/\/wp.me\/p6RhLt-brg","jetpack_sharing_enabled":true,"_links":{"self":[{"href":"https:\/\/eldiariodesanpedro.com.ar\/sitio\/wp-json\/wp\/v2\/posts\/43974","targetHints":{"allow":["GET"]}}],"collection":[{"href":"https:\/\/eldiariodesanpedro.com.ar\/sitio\/wp-json\/wp\/v2\/posts"}],"about":[{"href":"https:\/\/eldiariodesanpedro.com.ar\/sitio\/wp-json\/wp\/v2\/types\/post"}],"author":[{"embeddable":true,"href":"https:\/\/eldiariodesanpedro.com.ar\/sitio\/wp-json\/wp\/v2\/users\/4"}],"replies":[{"embeddable":true,"href":"https:\/\/eldiariodesanpedro.com.ar\/sitio\/wp-json\/wp\/v2\/comments?post=43974"}],"version-history":[{"count":1,"href":"https:\/\/eldiariodesanpedro.com.ar\/sitio\/wp-json\/wp\/v2\/posts\/43974\/revisions"}],"predecessor-version":[{"id":43977,"href":"https:\/\/eldiariodesanpedro.com.ar\/sitio\/wp-json\/wp\/v2\/posts\/43974\/revisions\/43977"}],"wp:featuredmedia":[{"embeddable":true,"href":"https:\/\/eldiariodesanpedro.com.ar\/sitio\/wp-json\/wp\/v2\/media\/43976"}],"wp:attachment":[{"href":"https:\/\/eldiariodesanpedro.com.ar\/sitio\/wp-json\/wp\/v2\/media?parent=43974"}],"wp:term":[{"taxonomy":"category","embeddable":true,"href":"https:\/\/eldiariodesanpedro.com.ar\/sitio\/wp-json\/wp\/v2\/categories?post=43974"},{"taxonomy":"post_tag","embeddable":true,"href":"https:\/\/eldiariodesanpedro.com.ar\/sitio\/wp-json\/wp\/v2\/tags?post=43974"}],"curies":[{"name":"wp","href":"https:\/\/api.w.org\/{rel}","templated":true}]}}