{"id":43968,"date":"2018-11-22T12:38:33","date_gmt":"2018-11-22T15:38:33","guid":{"rendered":"https:\/\/eldiariodesanpedro.com.ar\/sitio\/?p=43968"},"modified":"2018-11-22T12:38:33","modified_gmt":"2018-11-22T15:38:33","slug":"se-firmo-el-decreto-para-hacer-nuevo-el-centro-educativo-802-por-una-afectacion-de-fondos-de-12-millones-de-pesos","status":"publish","type":"post","link":"https:\/\/eldiariodesanpedro.com.ar\/sitio\/se-firmo-el-decreto-para-hacer-nuevo-el-centro-educativo-802-por-una-afectacion-de-fondos-de-12-millones-de-pesos\/","title":{"rendered":"Se firmo el decreto para  hacer nuevo el Centro Educativo 802 por una afectaci\u00f3n de fondos de 12 millones de pesos"},"content":{"rendered":"<p><!-- VideographyWP Plugin Message: Automatic video embedding prevented by plugin options. --><br \/>\nEs una de las obras educativas mas importantes del a\u00f1o, se va a invertir en un edificio nuevo en el barrio de Dipietri. El Centro Educativo 802 se har\u00e1 de nuevo con una inversi\u00f3n de 12 millones de pesos. <\/p>\n<p>El Centro Educativo 802 pertenece a la educaci\u00f3n p\u00fablica estatal, esta ubicado sobre calle San Mart\u00edn y calle 54, funciona en una casona vieja, muy deteriorada, la cual presenta una situaci\u00f3n de infraestructura muy grave, con peligro de derrumbe, donde tuvieron que suspender las clases en varias oportunidades.<\/p>\n<p>Toda la comunidad educativa fue haciendo varios reclamos en lo que va del a\u00f1o y por fin este jueves por la ma\u00f1ana, en el despacho del Intendente Municipal y en un acto encabezado por el Jefe Comunal junto al Secretario de Gobierno Silvio Corti, la Jefa Distrital de Educaci\u00f3n Mercedes Vell\u00f3n, Natalia Rucci Inspectora de la Modalidad, las arquitectas representantes de la Direcci\u00f3n de Infraestructura e integrantes del Consejo Escolar San Pedro se firm\u00f3 el decreto 0877-2018 a trav\u00e9s del cual se resolvi\u00f3 la afectaci\u00f3n de la suma de $ 12.807.673 provenientes del Fondo de Financiamiento Educativo para la construcci\u00f3n en el predio lindante con el Play\u00f3n de Villa Depietri, del nuevo Centro Educativo Complementario 802. <\/p>\n<p>En entrevista con Silvio Corti, Secretario de Gobierno, nos cont\u00f3 sobre esta importante obra: \u00abCon el Concejo Escolar llegamos a la conclusi\u00f3n que no se puede reparar, no hay manera y se decio construirlo de nuevo en el mismo barrio, al lado del play\u00f3n deportivo, que se inauguro este a\u00f1o\u00bb<\/p>\n<p>\u00abEs una gran noticia  para los chicos que asisten al Centro 802 y en t\u00e9rminos de infraestructura para el sistema educativo de San Pedro, una de las inversiones mas importantes a lo que va del a\u00f1o\u00bb y agrego \u00abque podamos con fondos municipales realizar un edificio nuevo, donde por ah\u00ed  las cosas no van muy bien, nos pone muy optimistas\u00bb<\/p>\n<p>Contempla la construcci\u00f3n de un edificio nuevo con tres aulas y todas las dependencias necesarias para su adecuado funcionamiento incluyendo, tapiales, comedor, direcci\u00f3n, ba\u00f1os, cocina convencional y una cocina especial para cel\u00edacos incorporada como una novedad con pocos antecedentes en la Provincia de Buenos Aires, como resultado del trabajo conjunto con la Comisi\u00f3n Municipal de Celiaqu\u00eda que efectu\u00f3 la propuesta para brindar una atenci\u00f3n mejor a quienes requieren de una alimentaci\u00f3n diferenciada.<\/p>\n<p>Finalizando la entrevista, Corti expreso: \u00abAhora queda hacer una licitaci\u00f3n publica y cumplir con los plazos de ley a los que estamos obligados, pero vamos a ponerle toda la atenci\u00f3n  para que las empresas contructuras se presenten lo antes posible y se pueda comenzar a construir\u00bb.<\/p>\n<p><img decoding=\"async\" data-attachment-id=\"43979\" data-permalink=\"https:\/\/eldiariodesanpedro.com.ar\/sitio\/se-firmo-el-decreto-para-hacer-nuevo-el-centro-educativo-802-por-una-afectacion-de-fondos-de-12-millones-de-pesos\/unnamed-66\/\" data-orig-file=\"https:\/\/eldiariodesanpedro.com.ar\/sitio\/wp-content\/uploads\/2018\/11\/unnamed-1.png\" data-orig-size=\"960,1280\" data-comments-opened=\"1\" data-image-meta=\"{&quot;aperture&quot;:&quot;0&quot;,&quot;credit&quot;:&quot;&quot;,&quot;camera&quot;:&quot;&quot;,&quot;caption&quot;:&quot;&quot;,&quot;created_timestamp&quot;:&quot;0&quot;,&quot;copyright&quot;:&quot;&quot;,&quot;focal_length&quot;:&quot;0&quot;,&quot;iso&quot;:&quot;0&quot;,&quot;shutter_speed&quot;:&quot;0&quot;,&quot;title&quot;:&quot;&quot;,&quot;orientation&quot;:&quot;0&quot;}\" data-image-title=\"unnamed\" data-image-description=\"\" data-image-caption=\"\" data-large-file=\"https:\/\/eldiariodesanpedro.com.ar\/sitio\/wp-content\/uploads\/2018\/11\/unnamed-1-768x1024.png\" data-src=\"https:\/\/eldiariodesanpedro.com.ar\/sitio\/wp-content\/uploads\/2018\/11\/unnamed-1-768x1024.png\" alt=\"\" width=\"660\" height=\"880\" class=\"alignnone size-large wp-image-43979 lazyload\" data-srcset=\"https:\/\/eldiariodesanpedro.com.ar\/sitio\/wp-content\/uploads\/2018\/11\/unnamed-1-768x1024.png 768w, https:\/\/eldiariodesanpedro.com.ar\/sitio\/wp-content\/uploads\/2018\/11\/unnamed-1-225x300.png 225w, https:\/\/eldiariodesanpedro.com.ar\/sitio\/wp-content\/uploads\/2018\/11\/unnamed-1.png 960w\" data-sizes=\"(max-width: 660px) 100vw, 660px\" src=\"data:image\/svg+xml;base64,PHN2ZyB3aWR0aD0iMSIgaGVpZ2h0PSIxIiB4bWxucz0iaHR0cDovL3d3dy53My5vcmcvMjAwMC9zdmciPjwvc3ZnPg==\" style=\"--smush-placeholder-width: 660px; --smush-placeholder-aspect-ratio: 660\/880;\" \/><\/p>\n","protected":false},"excerpt":{"rendered":"<p>Es una de las obras educativas mas importantes del a\u00f1o, se va a invertir en un edificio nuevo en el barrio de Dipietri. El Centro Educativo 802 se har\u00e1 de nuevo con una inversi\u00f3n de 12 millones de pesos. El Centro Educativo 802 pertenece a la educaci\u00f3n p\u00fablica estatal, esta ubicado sobre calle San Mart\u00edn [&hellip;]<\/p>\n","protected":false},"author":4,"featured_media":43978,"comment_status":"open","ping_status":"closed","sticky":false,"template":"","format":"standard","meta":{"om_disable_all_campaigns":false,"_jetpack_memberships_contains_paid_content":false,"footnotes":""},"categories":[50,101,2],"tags":[],"class_list":["post-43968","post","type-post","status-publish","format-standard","has-post-thumbnail","hentry","category-destacadas","category-interes-general-locales","category-locales"],"aioseo_notices":[],"gutentor_comment":0,"jetpack_featured_media_url":"https:\/\/eldiariodesanpedro.com.ar\/sitio\/wp-content\/uploads\/2018\/11\/unnamed-1.jpg","jetpack_shortlink":"https:\/\/wp.me\/p6RhLt-bra","jetpack_sharing_enabled":true,"_links":{"self":[{"href":"https:\/\/eldiariodesanpedro.com.ar\/sitio\/wp-json\/wp\/v2\/posts\/43968","targetHints":{"allow":["GET"]}}],"collection":[{"href":"https:\/\/eldiariodesanpedro.com.ar\/sitio\/wp-json\/wp\/v2\/posts"}],"about":[{"href":"https:\/\/eldiariodesanpedro.com.ar\/sitio\/wp-json\/wp\/v2\/types\/post"}],"author":[{"embeddable":true,"href":"https:\/\/eldiariodesanpedro.com.ar\/sitio\/wp-json\/wp\/v2\/users\/4"}],"replies":[{"embeddable":true,"href":"https:\/\/eldiariodesanpedro.com.ar\/sitio\/wp-json\/wp\/v2\/comments?post=43968"}],"version-history":[{"count":3,"href":"https:\/\/eldiariodesanpedro.com.ar\/sitio\/wp-json\/wp\/v2\/posts\/43968\/revisions"}],"predecessor-version":[{"id":43980,"href":"https:\/\/eldiariodesanpedro.com.ar\/sitio\/wp-json\/wp\/v2\/posts\/43968\/revisions\/43980"}],"wp:featuredmedia":[{"embeddable":true,"href":"https:\/\/eldiariodesanpedro.com.ar\/sitio\/wp-json\/wp\/v2\/media\/43978"}],"wp:attachment":[{"href":"https:\/\/eldiariodesanpedro.com.ar\/sitio\/wp-json\/wp\/v2\/media?parent=43968"}],"wp:term":[{"taxonomy":"category","embeddable":true,"href":"https:\/\/eldiariodesanpedro.com.ar\/sitio\/wp-json\/wp\/v2\/categories?post=43968"},{"taxonomy":"post_tag","embeddable":true,"href":"https:\/\/eldiariodesanpedro.com.ar\/sitio\/wp-json\/wp\/v2\/tags?post=43968"}],"curies":[{"name":"wp","href":"https:\/\/api.w.org\/{rel}","templated":true}]}}