{"id":43964,"date":"2018-11-22T11:56:04","date_gmt":"2018-11-22T14:56:04","guid":{"rendered":"https:\/\/eldiariodesanpedro.com.ar\/sitio\/?p=43964"},"modified":"2018-11-22T11:56:04","modified_gmt":"2018-11-22T14:56:04","slug":"la-fiscal-general-recibio-a-las-rurales-de-san-pedro-y-baradero","status":"publish","type":"post","link":"https:\/\/eldiariodesanpedro.com.ar\/sitio\/la-fiscal-general-recibio-a-las-rurales-de-san-pedro-y-baradero\/","title":{"rendered":"La Fiscal General recibi\u00f3 a las Rurales de San Pedro y Baradero"},"content":{"rendered":"<p><!-- VideographyWP Plugin Message: Automatic video embedding prevented by plugin options. --><br \/>\nRepresentantes de la Sociedad Rural de San Pedro y la Sociedad Rural de Baradero participaron este mi\u00e9rcoles 21 de noviembre de una reuni\u00f3n en San Nicol\u00e1s con la Fiscal General Interina del Departamento Judicial de San Nicolas, Dra. Sandra Bicetti.<\/p>\n<p>La funcionaria respondi\u00f3 r\u00e1pidamente la solicitud enviada con fecha 20 de octubre y esta ma\u00f1ana recibi\u00f3 con excelente predisposici\u00f3n a nuestras entidades para plantearle el panorama actual de los productores de la zona con relaci\u00f3n al tema seguridad, prevenci\u00f3n del delito y fundamentalmente con la instrucci\u00f3n y el avance de la investigaci\u00f3n de causas que se generan en toda la regi\u00f3n. Quedaron planteadas varias inquietudes y fundamentalmente un muy buen v\u00ednculo para poder colaborar con todo aquello que pueda aportar en este tema.<\/p>\n<p>En representaci\u00f3n de la Sociedad Rural de Baradero concurri\u00f3 Pablo Roller y por nuestra entidad Ra\u00fal Victores y Javier Luzzi.<\/p>\n","protected":false},"excerpt":{"rendered":"<p>Representantes de la Sociedad Rural de San Pedro y la Sociedad Rural de Baradero participaron este mi\u00e9rcoles 21 de noviembre de una reuni\u00f3n en San Nicol\u00e1s con la Fiscal General Interina del Departamento Judicial de San Nicolas, Dra. Sandra Bicetti. La funcionaria respondi\u00f3 r\u00e1pidamente la solicitud enviada con fecha 20 de octubre y esta ma\u00f1ana [&hellip;]<\/p>\n","protected":false},"author":4,"featured_media":43965,"comment_status":"open","ping_status":"closed","sticky":false,"template":"","format":"standard","meta":{"om_disable_all_campaigns":false,"_jetpack_memberships_contains_paid_content":false,"footnotes":""},"categories":[101,2],"tags":[],"class_list":["post-43964","post","type-post","status-publish","format-standard","has-post-thumbnail","hentry","category-interes-general-locales","category-locales"],"aioseo_notices":[],"gutentor_comment":0,"jetpack_featured_media_url":"https:\/\/eldiariodesanpedro.com.ar\/sitio\/wp-content\/uploads\/2018\/11\/victores1.jpg","jetpack_shortlink":"https:\/\/wp.me\/p6RhLt-br6","jetpack_sharing_enabled":true,"_links":{"self":[{"href":"https:\/\/eldiariodesanpedro.com.ar\/sitio\/wp-json\/wp\/v2\/posts\/43964","targetHints":{"allow":["GET"]}}],"collection":[{"href":"https:\/\/eldiariodesanpedro.com.ar\/sitio\/wp-json\/wp\/v2\/posts"}],"about":[{"href":"https:\/\/eldiariodesanpedro.com.ar\/sitio\/wp-json\/wp\/v2\/types\/post"}],"author":[{"embeddable":true,"href":"https:\/\/eldiariodesanpedro.com.ar\/sitio\/wp-json\/wp\/v2\/users\/4"}],"replies":[{"embeddable":true,"href":"https:\/\/eldiariodesanpedro.com.ar\/sitio\/wp-json\/wp\/v2\/comments?post=43964"}],"version-history":[{"count":1,"href":"https:\/\/eldiariodesanpedro.com.ar\/sitio\/wp-json\/wp\/v2\/posts\/43964\/revisions"}],"predecessor-version":[{"id":43966,"href":"https:\/\/eldiariodesanpedro.com.ar\/sitio\/wp-json\/wp\/v2\/posts\/43964\/revisions\/43966"}],"wp:featuredmedia":[{"embeddable":true,"href":"https:\/\/eldiariodesanpedro.com.ar\/sitio\/wp-json\/wp\/v2\/media\/43965"}],"wp:attachment":[{"href":"https:\/\/eldiariodesanpedro.com.ar\/sitio\/wp-json\/wp\/v2\/media?parent=43964"}],"wp:term":[{"taxonomy":"category","embeddable":true,"href":"https:\/\/eldiariodesanpedro.com.ar\/sitio\/wp-json\/wp\/v2\/categories?post=43964"},{"taxonomy":"post_tag","embeddable":true,"href":"https:\/\/eldiariodesanpedro.com.ar\/sitio\/wp-json\/wp\/v2\/tags?post=43964"}],"curies":[{"name":"wp","href":"https:\/\/api.w.org\/{rel}","templated":true}]}}