{"id":43960,"date":"2018-11-22T11:52:46","date_gmt":"2018-11-22T14:52:46","guid":{"rendered":"https:\/\/eldiariodesanpedro.com.ar\/sitio\/?p=43960"},"modified":"2018-11-22T11:52:46","modified_gmt":"2018-11-22T14:52:46","slug":"hcd-juan-rondan-asume-como-subsecretario-legislativo","status":"publish","type":"post","link":"https:\/\/eldiariodesanpedro.com.ar\/sitio\/hcd-juan-rondan-asume-como-subsecretario-legislativo\/","title":{"rendered":"HCD: Juan Rond\u00e1n asume como Subsecretario Legislativo"},"content":{"rendered":"<p><!-- VideographyWP Plugin Message: Automatic video embedding prevented by plugin options. --><br \/>\nPertenece al Partido FE y ocupar\u00e1 el cargo que antes pertenec\u00eda a Eliseo Almada, quien renunci\u00f3 para en los pr\u00f3ximos d\u00edas asumir como Presidente del Consorcio del Puerto. <\/p>\n<p>El \u00abMago\u00bb como le dicen fue elegido por las autoridades del oficialismo luego de que Eliseo Almada renunciara al cargo de Subsecretario Legislativo para ocupar el puesto de Presidente del Consorcio de Gesti\u00f3n del Puerto de San Pedro.<\/p>\n<p>Juan Rond\u00e1n es un joven perteneciente a la estructura local del Partido FE y ni bien se supo que Almada iba a ser designado en el puerto su nombre comenz\u00f3 a barajarse como una de las posibilidades m\u00e1s firmes. <\/p>\n<p>El jueves, en la sesi\u00f3n de las 10 horas, ser\u00e1 puesto en funciones luego de que jure ante las autoridades del cuerpo. <\/p>\n<p>Fuente: San Pedro Informa<\/p>\n","protected":false},"excerpt":{"rendered":"<p>Pertenece al Partido FE y ocupar\u00e1 el cargo que antes pertenec\u00eda a Eliseo Almada, quien renunci\u00f3 para en los pr\u00f3ximos d\u00edas asumir como Presidente del Consorcio del Puerto. El \u00abMago\u00bb como le dicen fue elegido por las autoridades del oficialismo luego de que Eliseo Almada renunciara al cargo de Subsecretario Legislativo para ocupar el puesto [&hellip;]<\/p>\n","protected":false},"author":4,"featured_media":43962,"comment_status":"open","ping_status":"closed","sticky":false,"template":"","format":"standard","meta":{"om_disable_all_campaigns":false,"_jetpack_memberships_contains_paid_content":false,"footnotes":""},"categories":[101,2],"tags":[],"class_list":["post-43960","post","type-post","status-publish","format-standard","has-post-thumbnail","hentry","category-interes-general-locales","category-locales"],"aioseo_notices":[],"gutentor_comment":0,"jetpack_featured_media_url":"https:\/\/eldiariodesanpedro.com.ar\/sitio\/wp-content\/uploads\/2018\/11\/000073765.jpg","jetpack_shortlink":"https:\/\/wp.me\/p6RhLt-br2","jetpack_sharing_enabled":true,"_links":{"self":[{"href":"https:\/\/eldiariodesanpedro.com.ar\/sitio\/wp-json\/wp\/v2\/posts\/43960","targetHints":{"allow":["GET"]}}],"collection":[{"href":"https:\/\/eldiariodesanpedro.com.ar\/sitio\/wp-json\/wp\/v2\/posts"}],"about":[{"href":"https:\/\/eldiariodesanpedro.com.ar\/sitio\/wp-json\/wp\/v2\/types\/post"}],"author":[{"embeddable":true,"href":"https:\/\/eldiariodesanpedro.com.ar\/sitio\/wp-json\/wp\/v2\/users\/4"}],"replies":[{"embeddable":true,"href":"https:\/\/eldiariodesanpedro.com.ar\/sitio\/wp-json\/wp\/v2\/comments?post=43960"}],"version-history":[{"count":1,"href":"https:\/\/eldiariodesanpedro.com.ar\/sitio\/wp-json\/wp\/v2\/posts\/43960\/revisions"}],"predecessor-version":[{"id":43963,"href":"https:\/\/eldiariodesanpedro.com.ar\/sitio\/wp-json\/wp\/v2\/posts\/43960\/revisions\/43963"}],"wp:featuredmedia":[{"embeddable":true,"href":"https:\/\/eldiariodesanpedro.com.ar\/sitio\/wp-json\/wp\/v2\/media\/43962"}],"wp:attachment":[{"href":"https:\/\/eldiariodesanpedro.com.ar\/sitio\/wp-json\/wp\/v2\/media?parent=43960"}],"wp:term":[{"taxonomy":"category","embeddable":true,"href":"https:\/\/eldiariodesanpedro.com.ar\/sitio\/wp-json\/wp\/v2\/categories?post=43960"},{"taxonomy":"post_tag","embeddable":true,"href":"https:\/\/eldiariodesanpedro.com.ar\/sitio\/wp-json\/wp\/v2\/tags?post=43960"}],"curies":[{"name":"wp","href":"https:\/\/api.w.org\/{rel}","templated":true}]}}