{"id":43953,"date":"2018-11-22T11:43:02","date_gmt":"2018-11-22T14:43:02","guid":{"rendered":"https:\/\/eldiariodesanpedro.com.ar\/sitio\/?p=43953"},"modified":"2018-11-22T11:43:02","modified_gmt":"2018-11-22T14:43:02","slug":"renovacion-de-convenio-y-mayor-cooperacion-con-el-cfp-401","status":"publish","type":"post","link":"https:\/\/eldiariodesanpedro.com.ar\/sitio\/renovacion-de-convenio-y-mayor-cooperacion-con-el-cfp-401\/","title":{"rendered":"Renovaci\u00f3n de convenio y mayor cooperaci\u00f3n con el CFP 401"},"content":{"rendered":"<p><!-- VideographyWP Plugin Message: Automatic video embedding prevented by plugin options. --><br \/>\nEl Intendente Cecilio Salazar y el Subsecretario de Empleo del Ministerio de Trabajo de la Provincia de Buenos Aires, Juan Pablo Fern\u00e1ndez Funes, renovaron este jueves en La Plata el convenio a trav\u00e9s del cual se establecen las condiciones de funcionamiento del Centro  Profesional N\u00ba 401 Guillermo Farabollini, para el a\u00f1o pr\u00f3ximo.<\/p>\n<p>Los Centros de Formaci\u00f3n Profesional son coordinados por el ministerio brindan cursos de oficios, en articulaci\u00f3n con la demanda de los sectores productivos y las necesidades de formaci\u00f3n de los trabajadores ocupados y desocupados. En este caso desde hace a\u00f1os el 401 funciona en convenio con la Municipalidad de San Pedro en las instalaciones de Sarmiento y Las Heras.<\/p>\n<p>Sobre el final de otro ciclo con una importante presencia de cursantes j\u00f3venes y adultos, a partir de este convenio y de otras reuniones a nivel local se busca intensificar la relaci\u00f3n con el Centro y sus profesores para  trabajar de manera conjunta en la selecci\u00f3n y la promoci\u00f3n de esta oportunidad de capacitaci\u00f3n que no s\u00f3lo est\u00e1 garantizada para el a\u00f1o pr\u00f3ximo sino que adem\u00e1s se intentar\u00e1 fortalecer generando adem\u00e1s una mayor relaci\u00f3n entre los emprendedores que requieren mano de obra y aquellos que se capacitan para poder encontrar mejores alternativas laborales.<\/p>\n<p>Los pr\u00f3ximos cursos a dictarse desde Marzo de 2019 incluyen entre otros, los siguientes:  Capacitaci\u00f3n en Cosmetolog\u00eda, Peluquero Unisex, Electricista Instalador, Panadero, Tornero, Auxiliar Mec\u00e1nico, Alba\u00f1il en Construcciones, Costura a Mano y a M\u00e1quina, Confecci\u00f3n de Bolsos y Mochilas, Montador Electricista, Electricista Instalador, Estampado M\u00faltiple, Bijouterie, T\u00e9cnicas de Dise\u00f1o Gr\u00e1fico, Operador de Inform\u00e1tica, Liquidaci\u00f3n de Sueldos y Jornales, Maestro Pizzero y Cocinero para Comedor Escolar entre otros.<\/p>\n","protected":false},"excerpt":{"rendered":"<p>El Intendente Cecilio Salazar y el Subsecretario de Empleo del Ministerio de Trabajo de la Provincia de Buenos Aires, Juan Pablo Fern\u00e1ndez Funes, renovaron este jueves en La Plata el convenio a trav\u00e9s del cual se establecen las condiciones de funcionamiento del Centro Profesional N\u00ba 401 Guillermo Farabollini, para el a\u00f1o pr\u00f3ximo. Los Centros de [&hellip;]<\/p>\n","protected":false},"author":4,"featured_media":43954,"comment_status":"open","ping_status":"closed","sticky":false,"template":"","format":"standard","meta":{"om_disable_all_campaigns":false,"_jetpack_memberships_contains_paid_content":false,"footnotes":""},"categories":[50,2,102],"tags":[],"class_list":["post-43953","post","type-post","status-publish","format-standard","has-post-thumbnail","hentry","category-destacadas","category-locales","category-politica-locales"],"aioseo_notices":[],"gutentor_comment":0,"jetpack_featured_media_url":"https:\/\/eldiariodesanpedro.com.ar\/sitio\/wp-content\/uploads\/2018\/11\/dbf50869-470b-4e68-9dc8-6160b1a68938.jpg","jetpack_shortlink":"https:\/\/wp.me\/p6RhLt-bqV","jetpack_sharing_enabled":true,"_links":{"self":[{"href":"https:\/\/eldiariodesanpedro.com.ar\/sitio\/wp-json\/wp\/v2\/posts\/43953","targetHints":{"allow":["GET"]}}],"collection":[{"href":"https:\/\/eldiariodesanpedro.com.ar\/sitio\/wp-json\/wp\/v2\/posts"}],"about":[{"href":"https:\/\/eldiariodesanpedro.com.ar\/sitio\/wp-json\/wp\/v2\/types\/post"}],"author":[{"embeddable":true,"href":"https:\/\/eldiariodesanpedro.com.ar\/sitio\/wp-json\/wp\/v2\/users\/4"}],"replies":[{"embeddable":true,"href":"https:\/\/eldiariodesanpedro.com.ar\/sitio\/wp-json\/wp\/v2\/comments?post=43953"}],"version-history":[{"count":1,"href":"https:\/\/eldiariodesanpedro.com.ar\/sitio\/wp-json\/wp\/v2\/posts\/43953\/revisions"}],"predecessor-version":[{"id":43955,"href":"https:\/\/eldiariodesanpedro.com.ar\/sitio\/wp-json\/wp\/v2\/posts\/43953\/revisions\/43955"}],"wp:featuredmedia":[{"embeddable":true,"href":"https:\/\/eldiariodesanpedro.com.ar\/sitio\/wp-json\/wp\/v2\/media\/43954"}],"wp:attachment":[{"href":"https:\/\/eldiariodesanpedro.com.ar\/sitio\/wp-json\/wp\/v2\/media?parent=43953"}],"wp:term":[{"taxonomy":"category","embeddable":true,"href":"https:\/\/eldiariodesanpedro.com.ar\/sitio\/wp-json\/wp\/v2\/categories?post=43953"},{"taxonomy":"post_tag","embeddable":true,"href":"https:\/\/eldiariodesanpedro.com.ar\/sitio\/wp-json\/wp\/v2\/tags?post=43953"}],"curies":[{"name":"wp","href":"https:\/\/api.w.org\/{rel}","templated":true}]}}