{"id":43950,"date":"2018-11-22T11:27:58","date_gmt":"2018-11-22T14:27:58","guid":{"rendered":"https:\/\/eldiariodesanpedro.com.ar\/sitio\/?p=43950"},"modified":"2018-11-22T11:27:58","modified_gmt":"2018-11-22T14:27:58","slug":"recorrido-en-la-obra-de-gas-de-rio-tala","status":"publish","type":"post","link":"https:\/\/eldiariodesanpedro.com.ar\/sitio\/recorrido-en-la-obra-de-gas-de-rio-tala\/","title":{"rendered":"Recorrido en la Obra de Gas de R\u00edo Tala"},"content":{"rendered":"<p><!-- VideographyWP Plugin Message: Automatic video embedding prevented by plugin options. --><br \/>\nMiembros del Gabinete ejecutivo, entre ellos Ram\u00f3n Salazar Secretario de Coordinaci\u00f3n, Silvio Corti Secretario de Gobierno, Ariel \u00c1lvarez Secretario de Obras y Agust\u00edn Vaca Director de Obras. Recorrieron junto a funcionarios de su gabinete y a la empresa BAGSA los avances de la obra a trav\u00e9s de la cual se conectar\u00e1 la localidad de R\u00edo Tala a la red de gas natural.<\/p>\n<p>La empresa viene realizando adem\u00e1s de las obras, reuniones y capacitaciones con la Cooperativa de la localidad para poder brindar el servicio, del mismo modo en el que comienza a implementarse en Santa Luc\u00eda.<\/p>\n<p>Las obras que comenzaron en julio del a\u00f1o pasado siguen avanzando y est\u00e1n m\u00e1s cerca de arribar a la posibilidad de comenzar a conectar a los frentistas que efect\u00faen las conexiones domiciliarias. Se estima que ser\u00e1n aproximadamente 1700 personas las que podr\u00e1n acceder al servicio cuando toda la red est\u00e9 conclu\u00edda.<\/p>\n","protected":false},"excerpt":{"rendered":"<p>Miembros del Gabinete ejecutivo, entre ellos Ram\u00f3n Salazar Secretario de Coordinaci\u00f3n, Silvio Corti Secretario de Gobierno, Ariel \u00c1lvarez Secretario de Obras y Agust\u00edn Vaca Director de Obras. Recorrieron junto a funcionarios de su gabinete y a la empresa BAGSA los avances de la obra a trav\u00e9s de la cual se conectar\u00e1 la localidad de R\u00edo [&hellip;]<\/p>\n","protected":false},"author":4,"featured_media":43951,"comment_status":"open","ping_status":"closed","sticky":false,"template":"","format":"standard","meta":{"om_disable_all_campaigns":false,"_jetpack_memberships_contains_paid_content":false,"footnotes":""},"categories":[101,2],"tags":[],"class_list":["post-43950","post","type-post","status-publish","format-standard","has-post-thumbnail","hentry","category-interes-general-locales","category-locales"],"aioseo_notices":[],"gutentor_comment":0,"jetpack_featured_media_url":"https:\/\/eldiariodesanpedro.com.ar\/sitio\/wp-content\/uploads\/2018\/11\/BI4A0738-e1542896853460.jpg","jetpack_shortlink":"https:\/\/wp.me\/p6RhLt-bqS","jetpack_sharing_enabled":true,"_links":{"self":[{"href":"https:\/\/eldiariodesanpedro.com.ar\/sitio\/wp-json\/wp\/v2\/posts\/43950","targetHints":{"allow":["GET"]}}],"collection":[{"href":"https:\/\/eldiariodesanpedro.com.ar\/sitio\/wp-json\/wp\/v2\/posts"}],"about":[{"href":"https:\/\/eldiariodesanpedro.com.ar\/sitio\/wp-json\/wp\/v2\/types\/post"}],"author":[{"embeddable":true,"href":"https:\/\/eldiariodesanpedro.com.ar\/sitio\/wp-json\/wp\/v2\/users\/4"}],"replies":[{"embeddable":true,"href":"https:\/\/eldiariodesanpedro.com.ar\/sitio\/wp-json\/wp\/v2\/comments?post=43950"}],"version-history":[{"count":1,"href":"https:\/\/eldiariodesanpedro.com.ar\/sitio\/wp-json\/wp\/v2\/posts\/43950\/revisions"}],"predecessor-version":[{"id":43952,"href":"https:\/\/eldiariodesanpedro.com.ar\/sitio\/wp-json\/wp\/v2\/posts\/43950\/revisions\/43952"}],"wp:featuredmedia":[{"embeddable":true,"href":"https:\/\/eldiariodesanpedro.com.ar\/sitio\/wp-json\/wp\/v2\/media\/43951"}],"wp:attachment":[{"href":"https:\/\/eldiariodesanpedro.com.ar\/sitio\/wp-json\/wp\/v2\/media?parent=43950"}],"wp:term":[{"taxonomy":"category","embeddable":true,"href":"https:\/\/eldiariodesanpedro.com.ar\/sitio\/wp-json\/wp\/v2\/categories?post=43950"},{"taxonomy":"post_tag","embeddable":true,"href":"https:\/\/eldiariodesanpedro.com.ar\/sitio\/wp-json\/wp\/v2\/tags?post=43950"}],"curies":[{"name":"wp","href":"https:\/\/api.w.org\/{rel}","templated":true}]}}