{"id":43941,"date":"2018-11-22T11:58:49","date_gmt":"2018-11-22T14:58:49","guid":{"rendered":"https:\/\/eldiariodesanpedro.com.ar\/sitio\/?p=43941"},"modified":"2018-11-22T11:58:49","modified_gmt":"2018-11-22T14:58:49","slug":"silvio-corti-se-le-pidio-al-ministro-de-transporte-la-repavimentacion-de-la-ruta-1001","status":"publish","type":"post","link":"https:\/\/eldiariodesanpedro.com.ar\/sitio\/silvio-corti-se-le-pidio-al-ministro-de-transporte-la-repavimentacion-de-la-ruta-1001\/","title":{"rendered":"Silvio Corti: Se le pidi\u00f3 al Ministro de Transporte la repavimentacion de la Ruta 1001"},"content":{"rendered":"<p><!-- VideographyWP Plugin Message: Automatic video embedding prevented by plugin options. --><br \/>\nEl Ejecutivo remiti\u00f3 una nota al Ministerio de Transporte de la Naci\u00f3n a cargo del Licenciado Guillermo Dietrich,<br \/>\nsolicitando que se repavimente nuevamente el acceso de la Ruta 1001, \u00abdesde principio de a\u00f1o que estamos denunciando falencias, necesitamos que se haga de nuevo\u00bb. La nota se suma a la enviada el pasado 18 de junio, a\u00fan sin respuesta. <\/p>\n<p>La obra de la Ruta 1001 fue una de las mas esperadas para nuestra ciudad, pero desde su inicio se pudo observar que r\u00e1pidamente se fue deteriorando y los reclamos se fueron haciendo. Desde el municipio, una de las opciones que tuvieron para ayudar a que esta ruta no se rompa fue en invertir mucho dinero para que se controle el peso de los camiones, las reparaciones se fueron haciendo pero se vuelve a romper en el mismo lugar.<\/p>\n<p>Esta ma\u00f1ana dialogamos con Silvio Corti, Secretario de Gobierno quien nos brindaba mas detalles:<\/p>\n<p>\u00abHemos consultado a distintos t\u00e9cnicos y todos coinciden en que cuando se dise\u00f1o el proyecto de obra hubo falencias, no se tuvo en cuenta ni el transito que esa ruta tiene, ni la situaci\u00f3n en la que estaba, se subestimo el da\u00f1o que tenia, evidentemente hay un problema que tiene que ver con el terrapl\u00e9n, con la estructura y por lo tanto al dise\u00f1arlo mal, se esta viendo el deterioro que se ve\u00bb<\/p>\n<p>\u00abA principio de a\u00f1o comenzamos hablar con Vialidad Nacional, a mitad de a\u00f1o le mandamos una nota al Ministro y ahora nuevamente le mandamos una nota donde definitivamente le pedimos que se haga la obra de nuevo, es muy importante para San Pedro, es el ingreso y no podemos permitir que una obra de estas caracter\u00edsticas donde el gobierno nacional invirti\u00f3 tanta plata nos dure tan poco tiempo\u00bb<\/p>\n<p>Tambi\u00e9n nos contaba que en un principio se hizo en el primer tramo, entre la Ruta 9 e ingreso a Rio Tala, un trabajo distinto que no presenta ning\u00fan deterioro donde Salazar solicito que se trabaje de esa manera.<\/p>\n<p>Parte de la nota enviada por el Ejecutivo :<\/p>\n<p><img decoding=\"async\" data-attachment-id=\"43961\" data-permalink=\"https:\/\/eldiariodesanpedro.com.ar\/sitio\/silvio-corti-se-le-pidio-al-ministro-de-transporte-la-repavimentacion-de-la-ruta-1001\/whatsapp-image-2018-11-22-at-09-29-00\/\" data-orig-file=\"https:\/\/eldiariodesanpedro.com.ar\/sitio\/wp-content\/uploads\/2018\/11\/WhatsApp-Image-2018-11-22-at-09.29.00.jpeg\" data-orig-size=\"760,1016\" data-comments-opened=\"1\" data-image-meta=\"{&quot;aperture&quot;:&quot;0&quot;,&quot;credit&quot;:&quot;&quot;,&quot;camera&quot;:&quot;&quot;,&quot;caption&quot;:&quot;&quot;,&quot;created_timestamp&quot;:&quot;0&quot;,&quot;copyright&quot;:&quot;&quot;,&quot;focal_length&quot;:&quot;0&quot;,&quot;iso&quot;:&quot;0&quot;,&quot;shutter_speed&quot;:&quot;0&quot;,&quot;title&quot;:&quot;&quot;,&quot;orientation&quot;:&quot;0&quot;}\" data-image-title=\"WhatsApp Image 2018-11-22 at 09.29.00\" data-image-description=\"\" data-image-caption=\"\" data-large-file=\"https:\/\/eldiariodesanpedro.com.ar\/sitio\/wp-content\/uploads\/2018\/11\/WhatsApp-Image-2018-11-22-at-09.29.00.jpeg\" data-src=\"https:\/\/eldiariodesanpedro.com.ar\/sitio\/wp-content\/uploads\/2018\/11\/WhatsApp-Image-2018-11-22-at-09.29.00.jpeg\" alt=\"\" width=\"760\" height=\"1016\" class=\"alignnone size-full wp-image-43961 lazyload\" data-srcset=\"https:\/\/eldiariodesanpedro.com.ar\/sitio\/wp-content\/uploads\/2018\/11\/WhatsApp-Image-2018-11-22-at-09.29.00.jpeg 760w, https:\/\/eldiariodesanpedro.com.ar\/sitio\/wp-content\/uploads\/2018\/11\/WhatsApp-Image-2018-11-22-at-09.29.00-224x300.jpeg 224w\" data-sizes=\"(max-width: 760px) 100vw, 760px\" src=\"data:image\/svg+xml;base64,PHN2ZyB3aWR0aD0iMSIgaGVpZ2h0PSIxIiB4bWxucz0iaHR0cDovL3d3dy53My5vcmcvMjAwMC9zdmciPjwvc3ZnPg==\" style=\"--smush-placeholder-width: 760px; --smush-placeholder-aspect-ratio: 760\/1016;\" \/><\/p>\n","protected":false},"excerpt":{"rendered":"<p>El Ejecutivo remiti\u00f3 una nota al Ministerio de Transporte de la Naci\u00f3n a cargo del Licenciado Guillermo Dietrich, solicitando que se repavimente nuevamente el acceso de la Ruta 1001, \u00abdesde principio de a\u00f1o que estamos denunciando falencias, necesitamos que se haga de nuevo\u00bb. La nota se suma a la enviada el pasado 18 de junio, [&hellip;]<\/p>\n","protected":false},"author":4,"featured_media":4579,"comment_status":"open","ping_status":"closed","sticky":false,"template":"","format":"standard","meta":{"om_disable_all_campaigns":false,"_jetpack_memberships_contains_paid_content":false,"footnotes":""},"categories":[50,101,2],"tags":[],"class_list":["post-43941","post","type-post","status-publish","format-standard","has-post-thumbnail","hentry","category-destacadas","category-interes-general-locales","category-locales"],"aioseo_notices":[],"gutentor_comment":0,"jetpack_featured_media_url":"https:\/\/eldiariodesanpedro.com.ar\/sitio\/wp-content\/uploads\/2016\/05\/ruta_1001_2.jpg","jetpack_shortlink":"https:\/\/wp.me\/p6RhLt-bqJ","jetpack_sharing_enabled":true,"_links":{"self":[{"href":"https:\/\/eldiariodesanpedro.com.ar\/sitio\/wp-json\/wp\/v2\/posts\/43941","targetHints":{"allow":["GET"]}}],"collection":[{"href":"https:\/\/eldiariodesanpedro.com.ar\/sitio\/wp-json\/wp\/v2\/posts"}],"about":[{"href":"https:\/\/eldiariodesanpedro.com.ar\/sitio\/wp-json\/wp\/v2\/types\/post"}],"author":[{"embeddable":true,"href":"https:\/\/eldiariodesanpedro.com.ar\/sitio\/wp-json\/wp\/v2\/users\/4"}],"replies":[{"embeddable":true,"href":"https:\/\/eldiariodesanpedro.com.ar\/sitio\/wp-json\/wp\/v2\/comments?post=43941"}],"version-history":[{"count":1,"href":"https:\/\/eldiariodesanpedro.com.ar\/sitio\/wp-json\/wp\/v2\/posts\/43941\/revisions"}],"predecessor-version":[{"id":43967,"href":"https:\/\/eldiariodesanpedro.com.ar\/sitio\/wp-json\/wp\/v2\/posts\/43941\/revisions\/43967"}],"wp:featuredmedia":[{"embeddable":true,"href":"https:\/\/eldiariodesanpedro.com.ar\/sitio\/wp-json\/wp\/v2\/media\/4579"}],"wp:attachment":[{"href":"https:\/\/eldiariodesanpedro.com.ar\/sitio\/wp-json\/wp\/v2\/media?parent=43941"}],"wp:term":[{"taxonomy":"category","embeddable":true,"href":"https:\/\/eldiariodesanpedro.com.ar\/sitio\/wp-json\/wp\/v2\/categories?post=43941"},{"taxonomy":"post_tag","embeddable":true,"href":"https:\/\/eldiariodesanpedro.com.ar\/sitio\/wp-json\/wp\/v2\/tags?post=43941"}],"curies":[{"name":"wp","href":"https:\/\/api.w.org\/{rel}","templated":true}]}}