{"id":43936,"date":"2018-11-21T19:57:51","date_gmt":"2018-11-21T22:57:51","guid":{"rendered":"https:\/\/eldiariodesanpedro.com.ar\/sitio\/?p=43936"},"modified":"2026-01-24T00:08:59","modified_gmt":"2026-01-24T03:08:59","slug":"infanto-juvenil-a-solo-dos-fechas-del-final-de-la-ronda-regular","status":"publish","type":"post","link":"https:\/\/eldiariodesanpedro.com.ar\/sitio\/infanto-juvenil-a-solo-dos-fechas-del-final-de-la-ronda-regular\/","title":{"rendered":"INFANTO JUVENIL: A s\u00f3lo dos fechas del final de la ronda regular"},"content":{"rendered":"<p><!-- VideographyWP Plugin Message: Automatic video embedding prevented by plugin options. --><br \/>\nEl certamen reservado para ni\u00f1os de categor\u00eda 2006 ingresa en las \u00faltimas fechas de la etapa regular, habiendo disputado este lunes la cuarta fecha. Hoy jugar\u00e1n en Baradero.<\/p>\n<p><strong>Resultados<\/strong><br \/>\nGral. San Mart\u00edn 8-Agricultores 1 (se jug\u00f3 el domingo)<br \/>\nMitre 7- Las Palmeras 0<br \/>\nParan\u00e1 FC 6- Def. Unidos 1<br \/>\nAm\u00e9rica 1- La Esperanza 5<br \/>\nAgricultores 0- C. C\u00f3rdoba 0<br \/>\nSportivo 5 \u2013 I. Portela 1<br \/>\nAtl\u00e9tico 5 -Alsina 0  <\/p>\n<p><strong>Pr\u00f3ximas fechas<\/strong><br \/>\n<em>Jueves 22 de noviembre<\/em><br \/>\nCancha: Paran\u00e1 FC<br \/>\nLas Palmeras vs. San Roque (19:00 horas)<br \/>\nLa Esperanza vs. Independencia FC (20:15 horas)<br \/>\nParan\u00e1 Fc vs. Banfield (21:30 horas)<br \/>\nCancha: Rivadavia<br \/>\nAlsina vs. Fundici\u00f3n (19:00 horas)<br \/>\nI. Portela vs. Rivadavia (20:15 horas)<br \/>\nMartes 27 de noviembre<br \/>\nCancha: La Esperanza<br \/>\nBanfield vs. Def. Unidos (19:00 horas)<br \/>\nSan Roque vs. Mitre (20:15 horas)<br \/>\nIndependencia FC vs. Am\u00e9rica (21:30 horas)<br \/>\nCancha: C. C\u00f3rdoba<br \/>\nC. C\u00f3rdoba vs. Gral. San Mart\u00edn (20:30 horas)<\/p>\n","protected":false},"excerpt":{"rendered":"<p>El certamen reservado para ni\u00f1os de categor\u00eda 2006 ingresa en las \u00faltimas fechas de la etapa regular, habiendo disputado este lunes la cuarta fecha. Hoy jugar\u00e1n en Baradero. Resultados Gral. San Mart\u00edn 8-Agricultores 1 (se jug\u00f3 el domingo) Mitre 7- Las Palmeras 0 Paran\u00e1 FC 6- Def. Unidos 1 Am\u00e9rica 1- La Esperanza 5 Agricultores [&hellip;]<\/p>\n","protected":false},"author":4,"featured_media":35528,"comment_status":"open","ping_status":"closed","sticky":false,"template":"","format":"standard","meta":{"om_disable_all_campaigns":false,"_jetpack_memberships_contains_paid_content":false,"footnotes":""},"categories":[5],"tags":[],"class_list":["post-43936","post","type-post","status-publish","format-standard","has-post-thumbnail","hentry","category-deportes"],"aioseo_notices":[],"gutentor_comment":0,"jetpack_featured_media_url":"https:\/\/eldiariodesanpedro.com.ar\/sitio\/wp-content\/uploads\/2018\/06\/futbol-5.jpg","jetpack_shortlink":"https:\/\/wp.me\/p6RhLt-bqE","jetpack_sharing_enabled":true,"_links":{"self":[{"href":"https:\/\/eldiariodesanpedro.com.ar\/sitio\/wp-json\/wp\/v2\/posts\/43936","targetHints":{"allow":["GET"]}}],"collection":[{"href":"https:\/\/eldiariodesanpedro.com.ar\/sitio\/wp-json\/wp\/v2\/posts"}],"about":[{"href":"https:\/\/eldiariodesanpedro.com.ar\/sitio\/wp-json\/wp\/v2\/types\/post"}],"author":[{"embeddable":true,"href":"https:\/\/eldiariodesanpedro.com.ar\/sitio\/wp-json\/wp\/v2\/users\/4"}],"replies":[{"embeddable":true,"href":"https:\/\/eldiariodesanpedro.com.ar\/sitio\/wp-json\/wp\/v2\/comments?post=43936"}],"version-history":[{"count":1,"href":"https:\/\/eldiariodesanpedro.com.ar\/sitio\/wp-json\/wp\/v2\/posts\/43936\/revisions"}],"predecessor-version":[{"id":43938,"href":"https:\/\/eldiariodesanpedro.com.ar\/sitio\/wp-json\/wp\/v2\/posts\/43936\/revisions\/43938"}],"wp:featuredmedia":[{"embeddable":true,"href":"https:\/\/eldiariodesanpedro.com.ar\/sitio\/wp-json\/wp\/v2\/media\/35528"}],"wp:attachment":[{"href":"https:\/\/eldiariodesanpedro.com.ar\/sitio\/wp-json\/wp\/v2\/media?parent=43936"}],"wp:term":[{"taxonomy":"category","embeddable":true,"href":"https:\/\/eldiariodesanpedro.com.ar\/sitio\/wp-json\/wp\/v2\/categories?post=43936"},{"taxonomy":"post_tag","embeddable":true,"href":"https:\/\/eldiariodesanpedro.com.ar\/sitio\/wp-json\/wp\/v2\/tags?post=43936"}],"curies":[{"name":"wp","href":"https:\/\/api.w.org\/{rel}","templated":true}]}}