{"id":43931,"date":"2018-11-21T19:53:53","date_gmt":"2018-11-21T22:53:53","guid":{"rendered":"https:\/\/eldiariodesanpedro.com.ar\/sitio\/?p=43931"},"modified":"2026-01-24T00:09:00","modified_gmt":"2026-01-24T03:09:00","slug":"basquet-local-pescadores-mitre-y-cef-ganaron-en-la-tercera-jornada-del-torneo-de-primera-division","status":"publish","type":"post","link":"https:\/\/eldiariodesanpedro.com.ar\/sitio\/basquet-local-pescadores-mitre-y-cef-ganaron-en-la-tercera-jornada-del-torneo-de-primera-division\/","title":{"rendered":"BASQUET LOCAL: Pescadores, Mitre y CEF ganaron en la tercera jornada del Torneo de primera divisi\u00f3n"},"content":{"rendered":"<p><!-- VideographyWP Plugin Message: Automatic video embedding prevented by plugin options. --><br \/>\nEn el gimnasio del Club Sportivo Baradero se desarroll\u00f3 la tercera jornada (2\u00b0 fecha por fixture) del Torneo de la Liga Sampedrina de Basquet \u201cMiguel Domenge\u201d de primera divisi\u00f3n que organiza el Club Pescadores  San Pedro.<br \/>\nTres partidos se jugaron en el gimnasio del \u201cLobo\u201d, con victorias de Cef Baradero, Pescadores y Mitre.<br \/>\nEl Centro de Educaci\u00f3n F\u00edsica N\u00b0 39 de Baradero le gan\u00f3 a Paran\u00e1 72 a 43 y consigui\u00f3 su primer triunfo (PT 39-21).<br \/>\nEn el segundo partidos de la extensa jornada el Club Pescadores super\u00f3 a Sportivo \u201cA\u201d 63 a 25 (PT 41-15).<br \/>\nMitre le gan\u00f3 a Sportivo \u201cB\u201d 52 a 49, habiendo ganado sus dos compromisos y tiene uno pendiente ante Sportivo \u201cA\u201d.<br \/>\nLa tabla la lideran Pescadores y Sportivo \u201cA\u201d con 5 puntos, detr\u00e1s se ubican Mitre, Paran\u00e1 y CEF con 4, Sportivo \u201cB\u201d 2 puntos.<\/p>\n<p><em>En la pr\u00f3xima fecha (4\u00b0) ser\u00e1 la siguiente:<\/em><br \/>\nPescadores \u2013 Mitre<br \/>\nParan\u00e1 FC \u2013 Sportivo \u201cA\u201d<br \/>\nCEF Baradero \u2013 Sportivo \u201cB\u201d<\/p>\n","protected":false},"excerpt":{"rendered":"<p>En el gimnasio del Club Sportivo Baradero se desarroll\u00f3 la tercera jornada (2\u00b0 fecha por fixture) del Torneo de la Liga Sampedrina de Basquet \u201cMiguel Domenge\u201d de primera divisi\u00f3n que organiza el Club Pescadores San Pedro. Tres partidos se jugaron en el gimnasio del \u201cLobo\u201d, con victorias de Cef Baradero, Pescadores y Mitre. El Centro [&hellip;]<\/p>\n","protected":false},"author":4,"featured_media":35976,"comment_status":"open","ping_status":"closed","sticky":false,"template":"","format":"standard","meta":{"om_disable_all_campaigns":false,"_jetpack_memberships_contains_paid_content":false,"footnotes":""},"categories":[5],"tags":[],"class_list":["post-43931","post","type-post","status-publish","format-standard","has-post-thumbnail","hentry","category-deportes"],"aioseo_notices":[],"gutentor_comment":0,"jetpack_featured_media_url":"https:\/\/eldiariodesanpedro.com.ar\/sitio\/wp-content\/uploads\/2018\/07\/basquet-2.jpg","jetpack_shortlink":"https:\/\/wp.me\/p6RhLt-bqz","jetpack_sharing_enabled":true,"_links":{"self":[{"href":"https:\/\/eldiariodesanpedro.com.ar\/sitio\/wp-json\/wp\/v2\/posts\/43931","targetHints":{"allow":["GET"]}}],"collection":[{"href":"https:\/\/eldiariodesanpedro.com.ar\/sitio\/wp-json\/wp\/v2\/posts"}],"about":[{"href":"https:\/\/eldiariodesanpedro.com.ar\/sitio\/wp-json\/wp\/v2\/types\/post"}],"author":[{"embeddable":true,"href":"https:\/\/eldiariodesanpedro.com.ar\/sitio\/wp-json\/wp\/v2\/users\/4"}],"replies":[{"embeddable":true,"href":"https:\/\/eldiariodesanpedro.com.ar\/sitio\/wp-json\/wp\/v2\/comments?post=43931"}],"version-history":[{"count":1,"href":"https:\/\/eldiariodesanpedro.com.ar\/sitio\/wp-json\/wp\/v2\/posts\/43931\/revisions"}],"predecessor-version":[{"id":43933,"href":"https:\/\/eldiariodesanpedro.com.ar\/sitio\/wp-json\/wp\/v2\/posts\/43931\/revisions\/43933"}],"wp:featuredmedia":[{"embeddable":true,"href":"https:\/\/eldiariodesanpedro.com.ar\/sitio\/wp-json\/wp\/v2\/media\/35976"}],"wp:attachment":[{"href":"https:\/\/eldiariodesanpedro.com.ar\/sitio\/wp-json\/wp\/v2\/media?parent=43931"}],"wp:term":[{"taxonomy":"category","embeddable":true,"href":"https:\/\/eldiariodesanpedro.com.ar\/sitio\/wp-json\/wp\/v2\/categories?post=43931"},{"taxonomy":"post_tag","embeddable":true,"href":"https:\/\/eldiariodesanpedro.com.ar\/sitio\/wp-json\/wp\/v2\/tags?post=43931"}],"curies":[{"name":"wp","href":"https:\/\/api.w.org\/{rel}","templated":true}]}}